{"id":169375,"date":"2025-06-11T23:08:11","date_gmt":"2025-06-11T23:08:11","guid":{"rendered":"https:\/\/www.europesays.com\/fr\/169375\/"},"modified":"2025-06-11T23:08:11","modified_gmt":"2025-06-11T23:08:11","slug":"harvey-weinstein-a-nouveau-condamne-pour-agression-sexuelle","status":"publish","type":"post","link":"https:\/\/www.europesays.com\/fr\/169375\/","title":{"rendered":"Harvey Weinstein \u00e0 nouveau condamn\u00e9 pour agression sexuelle"},"content":{"rendered":"<p>        <img decoding=\"async\" loading=\"lazy\" src=\"https:\/\/www.europesays.com\/fr\/wp-content\/uploads\/2025\/06\/7fdce6b_upload-1-ykug5e7l8w3f-063-2219041446.jpg\"  width=\"728\" height=\"409\" alt=\"L\u2019ancien producteur de cin\u00e9ma Harvey Weinstein compara\u00eet devant le tribunal pour son nouveau proc\u00e8s alors que le jury d\u00e9lib\u00e8re au tribunal p\u00e9nal de Manhattan, le 11\u00a0juin 2025, \u00e0 New York.\"\/>  <\/p>\n<p>POOL \/ Getty Images via AFP<\/p>\n<p>L\u2019ancien producteur de cin\u00e9ma Harvey Weinstein compara\u00eet devant le tribunal pour son nouveau proc\u00e8s alors que le jury d\u00e9lib\u00e8re au tribunal p\u00e9nal de Manhattan, le 11\u00a0juin 2025, \u00e0 New York.<\/p>\n<p class=\"asset asset-text\">METOO- Il est le visage honni du <a href=\"https:\/\/www.huffingtonpost.fr\/international\/article\/le-proces-weinstein-annule-par-la-justice-pourquoi-ce-scenario-devient-desormais-probable_251135.html\" target=\"_blank\" rel=\"noopener\">mouvement #MeToo<\/a>. L\u2019ancien producteur roi du cin\u00e9ma <a href=\"https:\/\/www.huffingtonpost.fr\/international\/article\/harvey-weinstein-hospitalise-du-coeur-en-urgence-juste-avant-une-nouvelle-audience-au-tribunal_239403.html\" target=\"_blank\" rel=\"noopener\">Harvey Weinstein<\/a> a \u00e9t\u00e9 reconnu coupable ce mercredi 11\u00a0juin d\u2019une agression sexuelle \u00e0 son proc\u00e8s \u00e0 New York, o\u00f9 les jur\u00e9s l\u2019ont acquitt\u00e9 pour une autre agression sexuelle et n\u2019ont pas encore livr\u00e9 de verdict pour une accusation de viol.<\/p>\n<p class=\"asset asset-text\">Comme en 2020, lors d\u2019un premier proc\u00e8s qui avait ensuite \u00e9t\u00e9 annul\u00e9, les douze jur\u00e9s de la cour p\u00e9nale de Manhattan ont d\u00e9clar\u00e9 le fondateur et ancien patron des studios Miramax coupable d\u2019agression sexuelle en 2006 sur l\u2019ancienne assistante de production Miriam Haley, qui l\u2019accuse de l\u2019avoir forc\u00e9e \u00e0 subir un cunnilingus dans son appartement de New York.<\/p>\n<p class=\"asset asset-text\">Mais, lors de ce verdict prononc\u00e9 sur fond de tensions entre jur\u00e9s, l\u2019accus\u00e9 de 73 ans a \u00e9t\u00e9 reconnu \u00ab\u00a0non coupable\u00a0\u00bb d\u2019une agression sexuelle similaire, la m\u00eame ann\u00e9e, \u00e0 l\u2019encontre de la mannequin polonaise Kaja Sokola, qui avait 19 ans \u00e0 l\u2019\u00e9poque. Ces faits \u00e9taient abord\u00e9s pour la premi\u00e8re fois lors d\u2019un proc\u00e8s p\u00e9nal.<\/p>\n<p>    Nouveau proc\u00e8s dans une plus grande indiff\u00e9rence qu\u2019en 2020    <\/p>\n<p class=\"asset asset-text\">Les d\u00e9lib\u00e9rations doivent se poursuivre pour l\u2019accusation de viol contre l\u2019aspirante actrice Jessica Mann en 2013, a annonc\u00e9 le juge Curtis Farber.<\/p>\n<p class=\"asset asset-text\">Les trois femmes ont t\u00e9moign\u00e9 au proc\u00e8s, parfois pendant plusieurs jours, pour raconter comment\u00a0Harvey\u00a0Weinstein\u00a0leur avait impos\u00e9 une relation sexuelle apr\u00e8s les avoir attir\u00e9es dans son appartement ou une chambre d\u2019h\u00f4tel \u00e0 New York.\u00a0Mais la d\u00e9fense a tout fait pour discr\u00e9diter leur r\u00e9cit, en soulignant notamment qu\u2019elles avaient continu\u00e9 de fr\u00e9quenter le producteur apr\u00e8s les faits all\u00e9gu\u00e9s.<\/p>\n<p class=\"asset asset-text\">En 2020,\u00a0Harvey\u00a0Weinstein, producteur de films culte comme Pulp Fiction et d\u2019innombrables succ\u00e8s comme\u00a0Shakespeare in Love, avait \u00e9t\u00e9 condamn\u00e9 \u00e0 23 ans de prison pour les faits concernant Miriam Haley et Jessica Mann, au bout d\u2019un proc\u00e8s retentissant qui symbolisait \u00e0 l\u2019\u00e9poque une victoire pour le mouvement #MeToo contre les violences sexuelles.<\/p>\n<p class=\"asset asset-text\">Mais l\u2019ann\u00e9e derni\u00e8re, la cour d\u2019appel de New York avait annul\u00e9 le proc\u00e8s de 2020, parce que d\u2019autres victimes pr\u00e9sum\u00e9es avaient pu t\u00e9moigner aux d\u00e9bats et raconter des agressions pour lesquelles\u00a0Harvey\u00a0Weinstein\u00a0n\u2019\u00e9tait pas inculp\u00e9.<\/p>\n<p class=\"asset asset-text\">Le proc\u00e8s s\u2019est donc rejou\u00e9 devant la cour p\u00e9nale de Manhattan depuis le 15 avril, mais dans une plus grande indiff\u00e9rence qu\u2019en 2020, o\u00f9 des manifestations avaient lieu chaque jour au pied du tribunal contre les violences sexuelles.<\/p>\n<p class=\"asset asset-text\">Les jur\u00e9s s\u2019\u00e9taient retir\u00e9s pour d\u00e9lib\u00e9rer jeudi dernier, et plusieurs \u00e9pisodes de tensions sont remont\u00e9s depuis aupr\u00e8s du juge. Juste avant le prononc\u00e9 du verdict,\u00a0Harvey\u00a0Weinstein\u00a0avait r\u00e9clam\u00e9 que le proc\u00e8s soit de nouveau annul\u00e9 pour cette raison. Le juge venait d\u2019expliquer que l\u2019un des membres du jury s\u2019\u00e9tait confi\u00e9 \u00e0 lui pour indiquer \u00ab\u00a0qu\u2019un autre jur\u00e9 lui a dit, en gros\u00a0: \u201cun jour je te retrouverai \u00e0 l\u2019ext\u00e9rieur\u201d\u00a0\u00bb.<\/p>\n","protected":false},"excerpt":{"rendered":"POOL \/ Getty Images via AFP L\u2019ancien producteur de cin\u00e9ma Harvey Weinstein compara\u00eet devant le tribunal pour son&hellip;\n","protected":false},"author":2,"featured_media":169376,"comment_status":"","ping_status":"","sticky":false,"template":"","format":"standard","meta":{"footnotes":""},"categories":[8],"tags":[1267,650,58,59,73,1011,27,8923,14,5686],"class_list":{"0":"post-169375","1":"post","2":"type-post","3":"status-publish","4":"format-standard","5":"has-post-thumbnail","7":"category-divertissement","8":"tag-agression-sexuelle","9":"tag-cinema","10":"tag-divertissement","11":"tag-entertainment","12":"tag-etats-unis","13":"tag-fr","14":"tag-france","15":"tag-harvey-weinstein","16":"tag-international","17":"tag-metoo"},"share_on_mastodon":{"url":"https:\/\/pubeurope.com\/@fr\/114667251643199329","error":""},"_links":{"self":[{"href":"https:\/\/www.europesays.com\/fr\/wp-json\/wp\/v2\/posts\/169375","targetHints":{"allow":["GET"]}}],"collection":[{"href":"https:\/\/www.europesays.com\/fr\/wp-json\/wp\/v2\/posts"}],"about":[{"href":"https:\/\/www.europesays.com\/fr\/wp-json\/wp\/v2\/types\/post"}],"author":[{"embeddable":true,"href":"https:\/\/www.europesays.com\/fr\/wp-json\/wp\/v2\/users\/2"}],"replies":[{"embeddable":true,"href":"https:\/\/www.europesays.com\/fr\/wp-json\/wp\/v2\/comments?post=169375"}],"version-history":[{"count":0,"href":"https:\/\/www.europesays.com\/fr\/wp-json\/wp\/v2\/posts\/169375\/revisions"}],"wp:featuredmedia":[{"embeddable":true,"href":"https:\/\/www.europesays.com\/fr\/wp-json\/wp\/v2\/media\/169376"}],"wp:attachment":[{"href":"https:\/\/www.europesays.com\/fr\/wp-json\/wp\/v2\/media?parent=169375"}],"wp:term":[{"taxonomy":"category","embeddable":true,"href":"https:\/\/www.europesays.com\/fr\/wp-json\/wp\/v2\/categories?post=169375"},{"taxonomy":"post_tag","embeddable":true,"href":"https:\/\/www.europesays.com\/fr\/wp-json\/wp\/v2\/tags?post=169375"}],"curies":[{"name":"wp","href":"https:\/\/api.w.org\/{rel}","templated":true}]}}