{"id":169380,"date":"2025-06-11T23:11:10","date_gmt":"2025-06-11T23:11:10","guid":{"rendered":"https:\/\/www.europesays.com\/fr\/169380\/"},"modified":"2025-06-11T23:11:10","modified_gmt":"2025-06-11T23:11:10","slug":"gavin-newsom-le-gouverneur-de-californie-qui-soppose-a-donald-trump","status":"publish","type":"post","link":"https:\/\/www.europesays.com\/fr\/169380\/","title":{"rendered":"Gavin Newsom, le gouverneur de Californie qui s\u2019oppose \u00e0 Donald Trump"},"content":{"rendered":"<p><strong>PORTRAIT<\/strong> &#8211; L\u2019ancien maire de San Francisco devient le premier d\u00e9mocrate \u00e0 offrir une opposition coh\u00e9rente au pr\u00e9sident depuis le d\u00e9but de son deuxi\u00e8me mandat.<\/p>\n<p class=\"fig-paragraph\"><a href=\"http:\/\/www.lefigaro.fr\/international\/dossier\/emeutes-anti-expulsions-a-los-angeles-notre-dossier-pour-tout-aux-manifestations\" data-fig-type=\"Topic\" data-gtm-custom-categorie=\"navigation\" data-gtm-custom-action=\"crossclick\" data-gtm-custom-label=\"Contextuel\" data-gtm-event=\"customEventSPE\" data-fig-domain=\"LEFIGARO\" target=\"_blank\" rel=\"noopener\">Quelques jours de crise \u00e0 Los\u00a0Angeles<\/a>\u00a0ont fait de Gavin Newsom le symbole de l\u2019opposition \u00e0 Donald Trump. M\u00eame si sa plainte d\u00e9pos\u00e9e contre la \u00ab\u00a0f\u00e9d\u00e9ralisation\u00a0\u00bb de la Garde nationale par le pr\u00e9sident a \u00e9t\u00e9 rejet\u00e9e par un juge, le gouverneur de Californie vient d\u2019acqu\u00e9rir dans cette affaire une stature nationale. Et surtout, il s\u2019est montr\u00e9 capable d\u2019articuler une critique coh\u00e9rente de Trump qui manquait jusqu\u2019\u00e0 pr\u00e9sent aux d\u00e9mocrates.<\/p>\n<p class=\"fig-paragraph\">Donald Trump a largement contribu\u00e9 \u00e0 cr\u00e9er son premier opposant de poids\u00a0: en pr\u00e9sentant les \u00e9meutes localis\u00e9es de Los\u00a0Angeles comme une crise nationale, et en empi\u00e9tant sur les pr\u00e9rogatives de Newsom en lui prenant le commandement de ses forces arm\u00e9es, il l\u2019a contraint \u00e0 un clash que le gouverneur avait d\u2019abord cherch\u00e9 \u00e0 \u00e9viter. Mena\u00e7ant, sous couvert d\u2019une plaisanterie, de l\u2019arr\u00eater, il lui a aussi fourni toute la publicit\u00e9 n\u00e9cessaire. Les d\u00e9mocrates ont quant \u00e0 eux trouv\u00e9 ces derniers jours la personnalit\u00e9 qu\u2019ils recherchaient depuis leur d\u00e9faite\u2026<\/p>\n<p class=\"fig-premium-paywall__infos\">\n        Cet article est r\u00e9serv\u00e9 aux abonn\u00e9s.        Il vous reste 92% \u00e0 d\u00e9couvrir.\n    <\/p>\n<p>                <img  data- alt=\"Le Figaro\" class=\"fig-img--complete fig-img\"\/><\/p>\n<p class=\"fig-premium-paywall__title\">Vente Flash<\/p>\n<p class=\"fig-premium-paywall__subtitle\">3,99\u20ac par mois pendant 12 mois. Sans engagement.<\/p>\n<p class=\"fig-premium-paywall__connect\">\n                D\u00e9j\u00e0 abonn\u00e9\u00a0?                <a class=\"fig-premium-paywall__connect-link\" href=\"https:\/\/connect.lefigaro.fr\/login?client=horizon_web&amp;type=main&amp;redirect_uri=https%3A%2F%2Fwww.lefigaro.fr%2Finternational%2Fil-est-temps-pour-nous-tous-de-nous-redresser-gavin-newsom-le-gouverneur-de-californie-qui-s-oppose-a-donald-trump-20250611\" data-js-gtm=\"{&quot;customCategorie&quot;: &quot;conversion&quot;, &quot;customAction&quot;: &quot;before_Landing_Connexion_paywall_auto&quot;, &quot;customLabel&quot;: &quot;bGVmaWdhcm8uZnJfXzFmMDQ2YmM1LTQ2NzAtNjgyZS1hZTJkLWRmNmZlMTIyOWYxZl9fQXJ0aWNsZQ==_\u00abIl est temps pour nous tous de nous redresser\u00bb\u00a0: Gavin Newsom, le gouverneur de Californie qui s\u2019oppose \u00e0 Donald Trump_556&quot;, &quot;customIDSPE&quot;: &quot;bGVmaWdhcm8uZnJfXzFmMDQ2YmM1LTQ2NzAtNjgyZS1hZTJkLWRmNmZlMTIyOWYxZl9fQXJ0aWNsZQ==&quot;, &quot;event&quot;: &quot;customEventSPE&quot;}\" target=\"_blank\" rel=\"noopener\"><br \/>\n                    Connectez-vous<br \/>\n                <\/a>\n            <\/p>\n","protected":false},"excerpt":{"rendered":"PORTRAIT &#8211; L\u2019ancien maire de San Francisco devient le premier d\u00e9mocrate \u00e0 offrir une opposition coh\u00e9rente au pr\u00e9sident&hellip;\n","protected":false},"author":2,"featured_media":169381,"comment_status":"","ping_status":"","sticky":false,"template":"","format":"standard","meta":{"footnotes":""},"categories":[5],"tags":[259,11,260,75,1011,27,30121,14,261,12,262,28],"class_list":{"0":"post-169380","1":"post","2":"type-post","3":"status-publish","4":"format-standard","5":"has-post-thumbnail","7":"category-international","8":"tag-actualite-internationale","9":"tag-actualites","10":"tag-affaires-etrangeres","11":"tag-donald-trump","12":"tag-fr","13":"tag-france","14":"tag-gavin-newsom","15":"tag-international","16":"tag-ministere-des-affaires-etrangeres","17":"tag-news","18":"tag-politique-etrangere","19":"tag-world"},"share_on_mastodon":{"url":"https:\/\/pubeurope.com\/@fr\/114667263331821396","error":""},"_links":{"self":[{"href":"https:\/\/www.europesays.com\/fr\/wp-json\/wp\/v2\/posts\/169380","targetHints":{"allow":["GET"]}}],"collection":[{"href":"https:\/\/www.europesays.com\/fr\/wp-json\/wp\/v2\/posts"}],"about":[{"href":"https:\/\/www.europesays.com\/fr\/wp-json\/wp\/v2\/types\/post"}],"author":[{"embeddable":true,"href":"https:\/\/www.europesays.com\/fr\/wp-json\/wp\/v2\/users\/2"}],"replies":[{"embeddable":true,"href":"https:\/\/www.europesays.com\/fr\/wp-json\/wp\/v2\/comments?post=169380"}],"version-history":[{"count":0,"href":"https:\/\/www.europesays.com\/fr\/wp-json\/wp\/v2\/posts\/169380\/revisions"}],"wp:featuredmedia":[{"embeddable":true,"href":"https:\/\/www.europesays.com\/fr\/wp-json\/wp\/v2\/media\/169381"}],"wp:attachment":[{"href":"https:\/\/www.europesays.com\/fr\/wp-json\/wp\/v2\/media?parent=169380"}],"wp:term":[{"taxonomy":"category","embeddable":true,"href":"https:\/\/www.europesays.com\/fr\/wp-json\/wp\/v2\/categories?post=169380"},{"taxonomy":"post_tag","embeddable":true,"href":"https:\/\/www.europesays.com\/fr\/wp-json\/wp\/v2\/tags?post=169380"}],"curies":[{"name":"wp","href":"https:\/\/api.w.org\/{rel}","templated":true}]}}