{"id":169382,"date":"2025-06-11T23:12:12","date_gmt":"2025-06-11T23:12:12","guid":{"rendered":"https:\/\/www.europesays.com\/fr\/169382\/"},"modified":"2025-06-11T23:12:12","modified_gmt":"2025-06-11T23:12:12","slug":"flottille-de-la-liberte-rima-hassan-et-tiago-avila-places-a-lisolement-francois-bayrou-refute-le-terme-d-otage-et-provoque-un-tolle-lhumanite","status":"publish","type":"post","link":"https:\/\/www.europesays.com\/fr\/169382\/","title":{"rendered":"Flottille de la libert\u00e9 : Rima Hassan et Tiago \u00c1vila plac\u00e9s \u00e0 l\u2019isolement, Fran\u00e7ois Bayrou r\u00e9fute le terme d&#039;\u00ab otage \u00bb et provoque un toll\u00e9 &#8211; L&#039;Humanit\u00e9"},"content":{"rendered":"<ol>\n<li><a href=\"https:\/\/news.google.com\/rss\/articles\/CBMikgJBVV95cUxOYmxRY0RublVrWUZrOUhkaHFLSHp4anp0OGFKUVlFVnkyYWVsVTZGNEd5RG1tRDh0ZzgwX00xYnlzYnFacmhwLXRHQUFtTkZza0xHaFN3NzY2eWE3ekowZU1UWGlZMUtxbWI2U0lGNFRhakxfelRiN1RjcjBqeldwY3N5WnJuRkU2N3p1NWFtVm9rM1RZN091ODNhWmRPV0pQemY2ZkowSEdRRG9tcDdTQ1JnenF6OFA0MG5leXdxT2pkc3hLNGE3MzRFNlFUd3RCN2M5SnpqM0x3LXEwT0k0OHBlZVRGeU5rTzhWdU9UZWlhLXo1TDhqLXRaYXlsd19EbUJweUhoWkNjcTRYU0VVckR3?oc=5\" target=\"_blank\" rel=\"noopener\">Flottille de la libert\u00e9 : Rima Hassan et Tiago \u00c1vila plac\u00e9s \u00e0 l\u2019isolement, Fran\u00e7ois Bayrou r\u00e9fute le terme d&rsquo;\u00ab otage \u00bb et provoque un toll\u00e9<\/a>&nbsp;&nbsp;L&rsquo;Humanit\u00e9<\/li>\n<li><a href=\"https:\/\/news.google.com\/rss\/articles\/CBMioAJBVV95cUxQVzE5T05WdnpuekU5aGV4SUQzZF85UTNXX0lxZ2xrZEd1UmxQNnNWWlhHQzVXRXMxREhMS1lLWWNKUHNhQ21fT3hJaGVsTHNnNmQ2TWo5OVM0SXVERU81VnhvcTBwQTFFUWZIV1owbV9WOGV2UEpmeVVMaFRmeGQwYktBRmNoVlJzXy0xei1oV2x5Mm9QYm13RkJIcnA5YllMX2tnLVNzd2NoZktkaEVqX2IzQVVUc01XbWVWeWhtdWtqa1ZHUkc2WVlMZEx5QnpyNzIyRmMxc3cxa05xdXlHMGtwSnd0ODJzOTRlY2loRE9FS2VqUlduazlWTW9DQ0N1b0YyYUlteTVEWDNPak5wWll6czExYlVKcFA4blUzSDU?oc=5\" target=\"_blank\" rel=\"noopener\">\u00abFlottille de la libert\u00e9\u00bb : Greta Thunberg priv\u00e9e de sommeil, acc\u00e8s aux toilettes restreint&#8230; Le m\u00e9decin rentr\u00e9 en France d\u00e9nonce des \u00abactes de maltraitance\u00bb<\/a>&nbsp;&nbsp;Le Figaro<\/li>\n<li><a href=\"https:\/\/news.google.com\/rss\/articles\/CBMiqAJBVV95cUxQWXMwcVNGcE5JVjZZY2hxVVBUalJRRExCVlBrUzF6bnZyYVZrc1VvYXpFMGpDdWJ6VzdHVEhaOGxjdDliU1RyUDJjRVpKNXZuU2toRW5udEp0MXJGMWRCS1d1M05iZW9IS01jeFUzTWE0aVR3UlItVFBpVVJJdU5ZdTFSOWRuOUg2R3dQYkdYTlVucnFKQmFTZ1ZyaG1MMVRFVm1oYUZlNjVwWFpfUHNEcWI2dzFVNEZvcUs0WE1rSm9KNmx6WWhvblc0OUY1amVwdm02NkZwZWl3Z1ZlTWdRc2VMRF81VFpYTlVPUGlMWEhJdmdsYkpSVGswQVNjQ2ZHZTRSMnpuVzZNeHZjTURGblRkWnBMR2Y1OEJtSEprUkxPU2RjMm8yZA?oc=5\" target=\"_blank\" rel=\"noopener\">Bateau pour Gaza intercept\u00e9 : \u00ab\u00a0Il y a eu des actes de maltraitance\u00a0\u00bb, t\u00e9moigne le m\u00e9decin Baptiste Andr\u00e9 revenu sur le sol fran\u00e7ais<\/a>&nbsp;&nbsp;France Info<\/li>\n<li><a href=\"https:\/\/news.google.com\/rss\/articles\/CBMixwFBVV95cUxOX0NoV2xRQXhwZmFQd0NLRmExY3d5Ynd6aTJpSmtNN1E5cUY1LWw1b1g2V2NlTDVQN1ppMWdBbF9FRFdwdnVCWHhudm5DY1B0cklQOHRBcWx0eGc0WDdSYlZ0eVo0Vzl1RVZjb0htem5DLTNWOFdRaDZtNmN6WVdBeVJMczQ1UVlRdTBDV3hWcEh4R0xULS1IblFOTFFJNjQ2VC1CMTN4REhwZTlRV0twVUxsdkxYUEU1SGtpUDNDMmRoUDRSQldn?oc=5\" target=\"_blank\" rel=\"noopener\">Capital sympathie, adaptabilit\u00e9, port\u00e9e du discours : entre Greta Thunberg et Rima Hassan, qui gagne ?<\/a>&nbsp;&nbsp;Marianne<\/li>\n<li><a href=\"https:\/\/news.google.com\/rss\/articles\/CBMi0gFBVV95cUxNNUx4dFFKVXhZMS1DTklOSWRsOHBMSndXTUNfTWtXbDIxRkpGU1VmaU1kV0QwM0NoRjJ3N0dPbzBuVG5MNUt0M29ZTWI0SVlfLVJuYjduNV9IWllrRnV6NzJNd2UzNGJfSklEdHhVeURqa0UtMTJpR0p4TEoyRk90UVE1ZGtmbloyYzdkUGxXM05mZnRYNkV6N01CSHZ1akVadFBwZk1yU3NnOFNQYUp6X2ZjdWNYSnNvR1d3V2hMZ0kydGZmWnhtUFgzbVBmYk5CdlE?oc=5\" target=\"_blank\" rel=\"noopener\">\u00abFlottille de la libert\u00e9\u00bb : dans l\u2019affaire du voilier, Isra\u00ebl a perdu<\/a>&nbsp;&nbsp;Lib\u00e9ration<\/li>\n<\/ol>\n","protected":false},"excerpt":{"rendered":"Flottille de la libert\u00e9 : Rima Hassan et Tiago \u00c1vila plac\u00e9s \u00e0 l\u2019isolement, Fran\u00e7ois Bayrou r\u00e9fute le terme&hellip;\n","protected":false},"author":2,"featured_media":169383,"comment_status":"","ping_status":"","sticky":false,"template":"","format":"standard","meta":{"footnotes":""},"categories":[4],"tags":[11,30354,1011,27,15763,665,30355,12,25],"class_list":{"0":"post-169382","1":"post","2":"type-post","3":"status-publish","4":"format-standard","5":"has-post-thumbnail","7":"category-france","8":"tag-actualites","9":"tag-flotille-pour-gaza","10":"tag-fr","11":"tag-france","12":"tag-franu00e7ois-bayrou","13":"tag-gaza","14":"tag-groupe-crce-k","15":"tag-news","16":"tag-republique-francaise"},"share_on_mastodon":{"url":"https:\/\/pubeurope.com\/@fr\/114667267285935578","error":""},"_links":{"self":[{"href":"https:\/\/www.europesays.com\/fr\/wp-json\/wp\/v2\/posts\/169382","targetHints":{"allow":["GET"]}}],"collection":[{"href":"https:\/\/www.europesays.com\/fr\/wp-json\/wp\/v2\/posts"}],"about":[{"href":"https:\/\/www.europesays.com\/fr\/wp-json\/wp\/v2\/types\/post"}],"author":[{"embeddable":true,"href":"https:\/\/www.europesays.com\/fr\/wp-json\/wp\/v2\/users\/2"}],"replies":[{"embeddable":true,"href":"https:\/\/www.europesays.com\/fr\/wp-json\/wp\/v2\/comments?post=169382"}],"version-history":[{"count":0,"href":"https:\/\/www.europesays.com\/fr\/wp-json\/wp\/v2\/posts\/169382\/revisions"}],"wp:featuredmedia":[{"embeddable":true,"href":"https:\/\/www.europesays.com\/fr\/wp-json\/wp\/v2\/media\/169383"}],"wp:attachment":[{"href":"https:\/\/www.europesays.com\/fr\/wp-json\/wp\/v2\/media?parent=169382"}],"wp:term":[{"taxonomy":"category","embeddable":true,"href":"https:\/\/www.europesays.com\/fr\/wp-json\/wp\/v2\/categories?post=169382"},{"taxonomy":"post_tag","embeddable":true,"href":"https:\/\/www.europesays.com\/fr\/wp-json\/wp\/v2\/tags?post=169382"}],"curies":[{"name":"wp","href":"https:\/\/api.w.org\/{rel}","templated":true}]}}