{"id":169384,"date":"2025-06-11T23:13:09","date_gmt":"2025-06-11T23:13:09","guid":{"rendered":"https:\/\/www.europesays.com\/fr\/169384\/"},"modified":"2025-06-11T23:13:09","modified_gmt":"2025-06-11T23:13:09","slug":"le-suspect-de-nogent-nexprime-pas-de-regret-ni-de-compassion-pour-la-victime-selon-le-procureur","status":"publish","type":"post","link":"https:\/\/www.europesays.com\/fr\/169384\/","title":{"rendered":"le suspect de Nogent n\u2019exprime \u00ab\u00a0pas de regret ni de compassion\u00a0\u00bb pour la victime, selon le procureur"},"content":{"rendered":"<p>Le procureur de Chaumont, Denis Devallois, a expliqu\u00e9 durant une conf\u00e9rence de presse ce mercredi que le suspect du meurtre de la surveillante \u00e0 Nogent, en Haute-Marne, n\u2019avait montr\u00e9 \u00ab\u00a0aucun signe \u00e9voquant un possible trouble mental\u00a0\u00bb.<\/p>\n<p class=\"fig-paragraph\">Des d\u00e9clarations \u00e9difiantes. Ce mercredi, le procureur de la R\u00e9publique Denis Devallois a tenu une conf\u00e9rence de presse au tribunal judiciaire de Chaumont pour exposer les premiers r\u00e9sultats de l\u2019enqu\u00eate sur\u00a0<a href=\"http:\/\/www.lefigaro.fr\/faits-divers\/mere-d-un-petit-garcon-connue-pour-sa-joie-de-vivre-qui-etait-melanie-la-surveillante-poignardee-a-mort-par-un-collegien-en-haute-marne-20250610\" data-fig-type=\"NewsFlash\" data-gtm-custom-categorie=\"navigation\" data-gtm-custom-action=\"crossclick\" data-gtm-custom-label=\"Contextuel\" data-gtm-event=\"customEventSPE\" data-fig-domain=\"LEFIGARO\" target=\"_blank\" rel=\"noopener\">le meurtre de M\u00e9lanie G.<\/a>\u00a0Cette surveillante de coll\u00e8ge \u00e0 Nogent, dans la Haute-Marne, a \u00e9t\u00e9 tu\u00e9e mardi matin. Lors de sa garde \u00e0 vue, le suspect \u00e2g\u00e9 de 14\u00a0ans a assum\u00e9, avec une froideur d\u00e9concertante, cet acte d\u2019une violence inou\u00efe.<\/p>\n<p class=\"fig-paragraph\">L\u2019attaque s\u2019est produite entre 8\u00a0h\u00a015 et 8\u00a0h\u00a030 mardi, devant le coll\u00e8ge Fran\u00e7oise-Dolto \u00e0 Nogent, alors que les gendarmes proc\u00e9daient \u00e0 des fouilles al\u00e9atoires d\u2019\u00e9l\u00e8ves pour d\u00e9celer d\u2019\u00e9ventuelles armes blanches. Le suspect, \u00e2g\u00e9 de 14\u00a0ans, a soudain sorti un couteau de son sac \u00e0 dos puis s\u2019en est pris \u00e0 la victime, alors qu\u2019elle surveillait l\u2019entr\u00e9e de l\u2019\u00e9tablissement.<\/p>\n<p>Un couteau de cuisine avec une lame de 20 centim\u00e8tres<\/p>\n<p class=\"fig-paragraph\">Les premi\u00e8res analyses m\u00e9dico-l\u00e9gales ont conclu que cette m\u00e8re de famille de 31\u00a0ans avait \u00e9t\u00e9 touch\u00e9e \u00e0 sept reprises, avec notamment une plaie au niveau du cr\u00e2ne et une de 18 centim\u00e8tres au dos, \u00e0 l\u2019origine de sa mort. L\u2019arme est un couteau de cuisine de 34\u00a0cm, pr\u00e9sentant une lame de 20 centim\u00e8tres, qu\u2019il avait emprunt\u00e9e \u00e0 son domicile le matin m\u00eame, apr\u00e8s le petit d\u00e9jeuner. M\u00e9lanie G. est morte de ses blessures, sur place, aux alentours de 10\u00a0h\u00a010.<\/p>\n<p class=\"fig-paragraph\">L\u2019assaillant a rapidement \u00e9t\u00e9 ma\u00eetris\u00e9 par les gendarmes, tout en blessant l\u2019un d\u2019eux \u00e0 la main. \u00ab\u00a0On ne peut qu\u2019imaginer avec effroi si les gendarmes n\u2019avaient pas \u00e9t\u00e9 pr\u00e9sents\u00a0\u00bb, constate le procureur Denis Devallois. Apr\u00e8s son interpellation, l\u2019adolescent en classe de troisi\u00e8me\u00a0<a href=\"http:\/\/www.lefigaro.fr\/faits-divers\/meurtre-d-une-surveillante-a-nogent-la-garde-a-vue-du-collegien-prolongee-de-24-heures-20250611\" data-fig-type=\"NewsFlash\" data-gtm-custom-categorie=\"navigation\" data-gtm-custom-action=\"crossclick\" data-gtm-custom-label=\"Contextuel\" data-gtm-event=\"customEventSPE\" data-fig-domain=\"LEFIGARO\" target=\"_blank\" rel=\"noopener\">a rapidement \u00e9t\u00e9 plac\u00e9 en garde \u00e0 vue<\/a>. Face aux gendarmes, le coll\u00e9gien a reconnu \u00eatre l\u2019auteur des faits, mais ne \u00ab\u00a0l\u2019explique pas v\u00e9ritablement\u00a0\u00bb. Il affirme avoir voulu s\u2019en prendre \u00e0 \u00ab\u00a0une surveillante, sans cibler une en particulier.\u00a0\u00bb Il fait le lien avec un fait r\u00e9cent, d\u2019une importance pourtant toute relative\u00a0: le 6\u00a0juin, il avait \u00e9t\u00e9 \u00ab\u00a0sermonn\u00e9\u00a0\u00bb par une surveillante parce qu\u2019il \u00ab\u00a0embrassait sa petite amie\u00a0\u00bb.<\/p>\n<p class=\"fig-paragraph\">Apr\u00e8s \u00e7a, il a \u00ab\u00a0ressass\u00e9 le projet de tuer une surveillante, n\u2019importe laquelle\u00a0\u00bb, poursuit le procureur. \u00ab\u00a0Il ne supportait plus le comportement des surveillantes en g\u00e9n\u00e9ral, qui auraient eu une attitude diff\u00e9rente selon les \u00e9l\u00e8ves\u00a0\u00bb. L\u2019adolescent n\u2019avait \u00ab\u00a0pas de griefs\u00a0\u00bb ou de \u00ab\u00a0ranc\u0153ur\u00a0\u00bb contre M\u00e9lanie G. Cette ancienne coiffeuse qui avait pris ce poste de surveillante en septembre dernier semble avoir \u00e9t\u00e9 choisie au hasard, parce qu\u2019elle \u00e9tait sur son chemin ce jour-l\u00e0.<\/p>\n<p>Fascination pour la mort et les jeux vid\u00e9o violents<\/p>\n<p class=\"fig-paragraph\">Devant les enqu\u00eateurs, l\u2019adolescent \u00ab\u00a0se montre d\u00e9tach\u00e9\u00a0\u00bb et n\u2019a \u00ab\u00a0aucun regret ni aucune compassion\u00a0\u00bb. Selon le procureur, il est en \u00ab\u00a0perte de rep\u00e8res quant \u00e0 la valeur de la vie humaine, \u00e0 laquelle il n\u2019attache pas une importance particuli\u00e8re\u00a0\u00bb. Au travers de son interrogatoire, il montre \u00ab\u00a0une fascination pour la mort\u00a0\u00bb et se pr\u00e9sente comme un \u00ab\u00a0adepte des jeux vid\u00e9o violents, sans pour autant \u00eatre addict\u00a0\u00bb, fait savoir Denis Devallois.\u00a0En revanche, il \u00ab\u00a0utilise peu les r\u00e9seaux sociaux\u00a0\u00bb. Si son passage \u00e0 l\u2019acte semble avoir \u00e9t\u00e9 r\u00e9fl\u00e9chi, \u00ab\u00a0aucun \u00e9l\u00e9ment n\u2019indique qu\u2019il aurait exprim\u00e9 son projet, notamment sur l\u2019espace num\u00e9rique\u00a0\u00bb.<\/p>\n<p class=\"fig-paragraph\">Selon le magistrat, il \u00ab\u00a0ne manifeste aucun signe \u00e9voquant un possible trouble mental\u00a0\u00bb. D\u2019ailleurs, ni sa famille, ni le personnel \u00e9ducatif n\u2019avaient eu des inqui\u00e9tudes le concernant. L\u2019adolescent avait fait l\u2019objet de deux exclusions \u00ab\u00a0en d\u00e9but d\u2019ann\u00e9e scolaire\u00a0\u00bb, soit \u00e0 l\u2019automne 2024, l\u2019une pour avoir ass\u00e9n\u00e9 des \u00ab\u00a0coups de poing \u00e0 un camarade de classe\u00a0\u00bb, et une autre pour avoir \u00ab\u00a0frapp\u00e9 un \u00e9l\u00e8ve de sixi\u00e8me\u00a0\u00bb. Il avait \u00e9t\u00e9 exclu \u00e0 deux reprises pour ces faits, mais n\u2019avait plus jamais fait parler de lui. Au travers des diff\u00e9rents t\u00e9moignages, il est d\u00e9crit comme \u00ab\u00a0sociable, plut\u00f4t bon \u00e9l\u00e8ve, int\u00e9gr\u00e9 \u00e0 la vie de son \u00e9tablissement\u00a0\u00bb, indique le procureur. L\u2019int\u00e9ress\u00e9 est issu d\u2019une famille unie et ins\u00e9r\u00e9e professionnellement, aucun membre de sa famille ou lui n\u2019ont eu affaire \u00e0 la justice jusqu\u2019\u00e0 pr\u00e9sent.<\/p>\n<p class=\"fig-paragraph\">\u00ab\u00a0Nous pouvons tous partager l\u2019\u00e9motion l\u00e9gitime provoqu\u00e9e par ce drame\u00a0\u00bb, a d\u00e9clar\u00e9 le magistrat, saluant \u00e0 son tour la m\u00e9moire de cette surveillante\u00a0<a href=\"http:\/\/www.lefigaro.fr\/actualite-france\/meurtre-d-une-surveillante-a-nogent-une-marche-blanche-se-tiendra-ce-vendredi-20250611\" data-fig-type=\"NewsFlash\" data-gtm-custom-categorie=\"navigation\" data-gtm-custom-action=\"crossclick\" data-gtm-custom-label=\"Contextuel\" data-gtm-event=\"customEventSPE\" data-fig-domain=\"LEFIGARO\" target=\"_blank\" rel=\"noopener\">\u00ab\u00a0particuli\u00e8rement appr\u00e9ci\u00e9e\u00a0\u00bb<\/a>. Denis Devallois a \u00e9galement tenu \u00e0 rendre hommage \u00e0 \u00ab\u00a0la grande dignit\u00e9\u00a0\u00bb dont fait preuve la famille de la victime \u00ab\u00a0face \u00e0 la douleur.\u00a0\u00bb La garde \u00e0 vue du suspect, qui peut s\u2019\u00e9tendre jusqu\u2019\u00e0 48\u00a0heures, doit s\u2019achever jeudi matin, o\u00f9 il sera pr\u00e9sent\u00e9 \u00e0 un juge d\u2019instruction en vue d\u2019une possible mise en examen. L\u2019enqu\u00eate a \u00e9t\u00e9 ouverte pour \u00ab\u00a0meurtre aggrav\u00e9\u00bb. Au regard de sa minorit\u00e9, il \u00ab\u00a0encourt une peine de 20\u00a0ans de r\u00e9clusion criminelle\u00a0\u00bb, a pr\u00e9cis\u00e9 le magistrat.<\/p>\n","protected":false},"excerpt":{"rendered":"Le procureur de Chaumont, Denis Devallois, a expliqu\u00e9 durant une conf\u00e9rence de presse ce mercredi que le suspect&hellip;\n","protected":false},"author":2,"featured_media":169385,"comment_status":"","ping_status":"","sticky":false,"template":"","format":"standard","meta":{"footnotes":""},"categories":[2],"tags":[119,11,3694,5264,271,2951,1122,3695,3696,118,1011,27,2825,1253,303,12,1072,2694,2949],"class_list":{"0":"post-169384","1":"post","2":"type-post","3":"status-publish","4":"format-standard","5":"has-post-thumbnail","7":"category-actualites","8":"tag-accident","9":"tag-actualites","10":"tag-affaires","11":"tag-couteau","12":"tag-crime","13":"tag-criminalite","14":"tag-ecole","15":"tag-enquetes","16":"tag-evenements","17":"tag-faits-divers","18":"tag-fr","19":"tag-france","20":"tag-insecurite","21":"tag-islamisme","22":"tag-justice","23":"tag-news","24":"tag-police","25":"tag-proces","26":"tag-violences"},"share_on_mastodon":{"url":"https:\/\/pubeurope.com\/@fr\/114667271186266276","error":""},"_links":{"self":[{"href":"https:\/\/www.europesays.com\/fr\/wp-json\/wp\/v2\/posts\/169384","targetHints":{"allow":["GET"]}}],"collection":[{"href":"https:\/\/www.europesays.com\/fr\/wp-json\/wp\/v2\/posts"}],"about":[{"href":"https:\/\/www.europesays.com\/fr\/wp-json\/wp\/v2\/types\/post"}],"author":[{"embeddable":true,"href":"https:\/\/www.europesays.com\/fr\/wp-json\/wp\/v2\/users\/2"}],"replies":[{"embeddable":true,"href":"https:\/\/www.europesays.com\/fr\/wp-json\/wp\/v2\/comments?post=169384"}],"version-history":[{"count":0,"href":"https:\/\/www.europesays.com\/fr\/wp-json\/wp\/v2\/posts\/169384\/revisions"}],"wp:featuredmedia":[{"embeddable":true,"href":"https:\/\/www.europesays.com\/fr\/wp-json\/wp\/v2\/media\/169385"}],"wp:attachment":[{"href":"https:\/\/www.europesays.com\/fr\/wp-json\/wp\/v2\/media?parent=169384"}],"wp:term":[{"taxonomy":"category","embeddable":true,"href":"https:\/\/www.europesays.com\/fr\/wp-json\/wp\/v2\/categories?post=169384"},{"taxonomy":"post_tag","embeddable":true,"href":"https:\/\/www.europesays.com\/fr\/wp-json\/wp\/v2\/tags?post=169384"}],"curies":[{"name":"wp","href":"https:\/\/api.w.org\/{rel}","templated":true}]}}