{"id":169388,"date":"2025-06-11T23:15:13","date_gmt":"2025-06-11T23:15:13","guid":{"rendered":"https:\/\/www.europesays.com\/fr\/169388\/"},"modified":"2025-06-11T23:15:13","modified_gmt":"2025-06-11T23:15:13","slug":"une-voiture-percute-un-coffret-de-gaz","status":"publish","type":"post","link":"https:\/\/www.europesays.com\/fr\/169388\/","title":{"rendered":"une voiture percute un coffret de gaz"},"content":{"rendered":"<p><img decoding=\"async\" class=\"\" style=\"width:100%;max-width:100%\" src=\"https:\/\/www.europesays.com\/fr\/wp-content\/uploads\/2025\/06\/pompiers1749676017564-format16by9.jpg\" alt=\"Delta FM, illustration\"\/><\/p>\n<p>Un homme a \u00e9t\u00e9 bless\u00e9. <\/p>\n<p>Cr\u00e9dit : Delta FM, illustration<\/p>\n<p><strong>Un accident de la circulation s\u2019est produit ce mercredi soir, aux alentours de 21h, rue Robespierre \u00e0 Saint-\u00c9tienne-au-Mont.<\/strong><\/p>\n<p><strong>Une voiture, seule en cause, a percut\u00e9 un coffret de gaz<\/strong> en bord de chauss\u00e9e. L\u2019impact a n\u00e9cessit\u00e9 l\u2019intervention rapide des agents de GRDF, qui ont proc\u00e9d\u00e9 \u00e0 la coupure d\u2019urgence du gaz afin d\u2019\u00e9viter tout risque d\u2019explosion.<\/p>\n<p>Par mesure de s\u00e9curit\u00e9, <strong>30 personnes ont \u00e9t\u00e9 \u00e9vacu\u00e9es du quartier. 10 logements ont \u00e9t\u00e9 directement impact\u00e9s par l\u2019accident. Le conducteur du v\u00e9hicule, un homme \u00e2g\u00e9 de 30 ans, a \u00e9t\u00e9 bless\u00e9 dans le choc.<\/strong><\/p>\n<p>Il a \u00e9t\u00e9 pris en charge par les sapeurs-pompiers de Boulogne.<\/p>\n<p>\u00a0<\/p>\n","protected":false},"excerpt":{"rendered":"Un homme a \u00e9t\u00e9 bless\u00e9. Cr\u00e9dit : Delta FM, illustration Un accident de la circulation s\u2019est produit ce&hellip;\n","protected":false},"author":2,"featured_media":169389,"comment_status":"","ping_status":"","sticky":false,"template":"","format":"standard","meta":{"footnotes":""},"categories":[9653],"tags":[119,1111,11,30364,2430,23611,30356,30360,30358,1777,674,5220,2688,1011,27,30357,30362,14641,30359,12,30363,25,30361,209,4001,26857,5153,656,4752],"class_list":{"0":"post-169388","1":"post","2":"type-post","3":"status-publish","4":"format-standard","5":"has-post-thumbnail","7":"category-saint-etienne","8":"tag-accident","9":"tag-actu","10":"tag-actualites","11":"tag-agents-de-grdf","12":"tag-auvergne-rhone-alpes","13":"tag-boulogne","14":"tag-coffret-de-gaz","15":"tag-conducteur-blesse","16":"tag-coupure-durgence","17":"tag-eu","18":"tag-europe","19":"tag-evacuation","20":"tag-explosion","21":"tag-fr","22":"tag-france","23":"tag-grdf","24":"tag-impact-direct","25":"tag-intervention-rapide","26":"tag-logements-impactes","27":"tag-news","28":"tag-quartier-evacue","29":"tag-republique-francaise","30":"tag-risque-dexplosion","31":"tag-route","32":"tag-saint-etienne","33":"tag-saint-etienne-au-mont","34":"tag-sapeurs-pompiers","35":"tag-securite","36":"tag-voiture"},"share_on_mastodon":{"url":"https:\/\/pubeurope.com\/@fr\/114667279033343514","error":""},"_links":{"self":[{"href":"https:\/\/www.europesays.com\/fr\/wp-json\/wp\/v2\/posts\/169388","targetHints":{"allow":["GET"]}}],"collection":[{"href":"https:\/\/www.europesays.com\/fr\/wp-json\/wp\/v2\/posts"}],"about":[{"href":"https:\/\/www.europesays.com\/fr\/wp-json\/wp\/v2\/types\/post"}],"author":[{"embeddable":true,"href":"https:\/\/www.europesays.com\/fr\/wp-json\/wp\/v2\/users\/2"}],"replies":[{"embeddable":true,"href":"https:\/\/www.europesays.com\/fr\/wp-json\/wp\/v2\/comments?post=169388"}],"version-history":[{"count":0,"href":"https:\/\/www.europesays.com\/fr\/wp-json\/wp\/v2\/posts\/169388\/revisions"}],"wp:featuredmedia":[{"embeddable":true,"href":"https:\/\/www.europesays.com\/fr\/wp-json\/wp\/v2\/media\/169389"}],"wp:attachment":[{"href":"https:\/\/www.europesays.com\/fr\/wp-json\/wp\/v2\/media?parent=169388"}],"wp:term":[{"taxonomy":"category","embeddable":true,"href":"https:\/\/www.europesays.com\/fr\/wp-json\/wp\/v2\/categories?post=169388"},{"taxonomy":"post_tag","embeddable":true,"href":"https:\/\/www.europesays.com\/fr\/wp-json\/wp\/v2\/tags?post=169388"}],"curies":[{"name":"wp","href":"https:\/\/api.w.org\/{rel}","templated":true}]}}