{"id":169394,"date":"2025-06-11T23:19:13","date_gmt":"2025-06-11T23:19:13","guid":{"rendered":"https:\/\/www.europesays.com\/fr\/169394\/"},"modified":"2025-06-11T23:19:13","modified_gmt":"2025-06-11T23:19:13","slug":"surveillante-tuee-devant-un-college-la-garde-a-vue-du-collegien-prolongee-de-24-h","status":"publish","type":"post","link":"https:\/\/www.europesays.com\/fr\/169394\/","title":{"rendered":"Surveillante tu\u00e9e devant un coll\u00e8ge\u00a0: la garde \u00e0 vue du coll\u00e9gien prolong\u00e9e de 24 h"},"content":{"rendered":"<p>La garde \u00e0 vue du coll\u00e9gien de 14\u00a0ans interpell\u00e9 mardi 10\u00a0juin 2025 matin pour<a href=\"https:\/\/rennes.maville.com\/actu\/actudet_-la-surveillante-attaquee-au-couteau-par-un-collegien-en-haute-marne-est-decedee-_54135-6846797_actu.Htm\" target=\"_self\" rel=\"noopener\"> le meurtre d\u2019une surveillante de son coll\u00e8ge \u00e0 Nogent dans la Haute-Marne<\/a> a \u00e9t\u00e9 prolong\u00e9e de 24\u00a0heures, jusqu\u2019\u00e0 jeudi matin, a appris mercredi l\u2019AFP aupr\u00e8s de la gendarmerie.<\/p>\n<p>L\u2019adolescent, qui n\u2019a pas d\u2019ant\u00e9c\u00e9dents judiciaires selon le procureur de Chaumont, a \u00e9t\u00e9 imm\u00e9diatement ma\u00eetris\u00e9 et interpell\u00e9 par les gendarmes pr\u00e9sents lors d\u2019un contr\u00f4le des sacs.<\/p>\n<p>Une minute de silence\u00a0dans tous les \u00e9tablissements scolaires<\/p>\n<p>Le suspect, \u00e2g\u00e9 de 14\u00a0ans, scolaris\u00e9 en classe de troisi\u00e8me dans l\u2019\u00e9tablissement, a \u00e9t\u00e9 interpell\u00e9 et plac\u00e9 en garde \u00e0 vue apr\u00e8s les faits. Pour l\u2019heure, les motivations du jeune adolescent, qui \u00e9tait jusqu\u2019alors inconnu des services de police et de gendarmerie, ne sont pas connues, pr\u00e9cise  <a href=\"https:\/\/www.bfmtv.com\/police-justice\/surveillante-tuee-a-nogent-la-garde-a-vue-du-collegien-de-14-ans-prolongee_AN-202506110373.html\" target=\"_self\" rel=\"noopener\">BFMTV<\/a> .\u00a0<\/p>\n<p>\u00a0Ce mercredi matin, la ministre de l\u2019\u00c9ducation \u00c9lisabeth Borne, qui s\u2019\u00e9tait rendue sur les lieux mardi, a appel\u00e9<a href=\"https:\/\/rennes.maville.com\/actu\/actudet_-surveillante-tuee-devant-un-college-elisabeth-borne-demande-une-minute-de-silence-jeudi-midi-_54135-6848381_actu.Htm\" target=\"_self\" rel=\"noopener\"> \u00e0 une minute de silence jeudi dans tous les \u00e9tablissements scolaires de France.<\/a><\/p>\n<p>\u00a0<\/p>\n","protected":false},"excerpt":{"rendered":"La garde \u00e0 vue du coll\u00e9gien de 14\u00a0ans interpell\u00e9 mardi 10\u00a0juin 2025 matin pour le meurtre d\u2019une surveillante&hellip;\n","protected":false},"author":2,"featured_media":169395,"comment_status":"","ping_status":"","sticky":false,"template":"","format":"standard","meta":{"footnotes":""},"categories":[9619],"tags":[2466,1111,11,1124,20055,1777,674,1011,27,8712,12,20407,882,25,29876,2310,15606,13373],"class_list":{"0":"post-169394","1":"post","2":"type-post","3":"status-publish","4":"format-standard","5":"has-post-thumbnail","7":"category-toulon","8":"tag-2466","9":"tag-actu","10":"tag-actualites","11":"tag-college","12":"tag-collegien","13":"tag-eu","14":"tag-europe","15":"tag-fr","16":"tag-france","17":"tag-garde","18":"tag-news","19":"tag-prolongee","20":"tag-provence-alpes-cote-dazur","21":"tag-republique-francaise","22":"tag-surveillante","23":"tag-toulon","24":"tag-tuee","25":"tag-vue"},"share_on_mastodon":{"url":"https:\/\/pubeurope.com\/@fr\/114667294779129577","error":""},"_links":{"self":[{"href":"https:\/\/www.europesays.com\/fr\/wp-json\/wp\/v2\/posts\/169394","targetHints":{"allow":["GET"]}}],"collection":[{"href":"https:\/\/www.europesays.com\/fr\/wp-json\/wp\/v2\/posts"}],"about":[{"href":"https:\/\/www.europesays.com\/fr\/wp-json\/wp\/v2\/types\/post"}],"author":[{"embeddable":true,"href":"https:\/\/www.europesays.com\/fr\/wp-json\/wp\/v2\/users\/2"}],"replies":[{"embeddable":true,"href":"https:\/\/www.europesays.com\/fr\/wp-json\/wp\/v2\/comments?post=169394"}],"version-history":[{"count":0,"href":"https:\/\/www.europesays.com\/fr\/wp-json\/wp\/v2\/posts\/169394\/revisions"}],"wp:featuredmedia":[{"embeddable":true,"href":"https:\/\/www.europesays.com\/fr\/wp-json\/wp\/v2\/media\/169395"}],"wp:attachment":[{"href":"https:\/\/www.europesays.com\/fr\/wp-json\/wp\/v2\/media?parent=169394"}],"wp:term":[{"taxonomy":"category","embeddable":true,"href":"https:\/\/www.europesays.com\/fr\/wp-json\/wp\/v2\/categories?post=169394"},{"taxonomy":"post_tag","embeddable":true,"href":"https:\/\/www.europesays.com\/fr\/wp-json\/wp\/v2\/tags?post=169394"}],"curies":[{"name":"wp","href":"https:\/\/api.w.org\/{rel}","templated":true}]}}