{"id":169398,"date":"2025-06-11T23:21:09","date_gmt":"2025-06-11T23:21:09","guid":{"rendered":"https:\/\/www.europesays.com\/fr\/169398\/"},"modified":"2025-06-11T23:21:09","modified_gmt":"2025-06-11T23:21:09","slug":"previsions-du-jeudi-12-juin-2025","status":"publish","type":"post","link":"https:\/\/www.europesays.com\/fr\/169398\/","title":{"rendered":"pr\u00e9visions du jeudi 12 juin 2025"},"content":{"rendered":"<p>La journ\u00e9e qui s&rsquo;annonce \u00e0 Montpellier, promet d&rsquo;\u00eatre superbe et ensoleill\u00e9e ! Les valeurs seront comprises entre 19 et 25\u00b0C. Un vent de sud-est soufflera l\u00e9g\u00e8rement, avec 13 km\/h. Le matin, le thermom\u00e8tre affichera 24\u00b0C en moyenne. Les temp\u00e9ratures afficheront entre 24 et 25\u00b0C l&rsquo;apr\u00e8s-midi. Les valeurs tourneront autour des 22\u00b0C au cours de la soir\u00e9e. Durant la nuit de jeudi \u00e0 vendredi, le ciel sera limpide.<\/p>\n<p>Demain, un grand soleil rayonnera sur Montpellier. C&rsquo;est une hausse de quelques degr\u00e9s que vont conna\u00eetre les temp\u00e9ratures. Il va faire 23\u00b0C en moyenne. Un l\u00e9ger vent de sud-est sera ressenti par les habitants. Il fera en moyenne 24\u00b0C, le matin. Les temp\u00e9ratures s&rsquo;\u00e9chelonneront entre 25 et 27\u00b0C pendant l&rsquo;apr\u00e8s-midi. Demain soir, on pr\u00e9voit des valeurs d&rsquo;environ 22\u00b0C.<\/p>\n<p>Pour les jours suivants, le temps ne changera pas. Pr\u00e9voyez 25\u00b0C en moyenne qui accompagneront des journ\u00e9es ensoleill\u00e9es.<\/p>\n<p><\/p>\n","protected":false},"excerpt":{"rendered":"La journ\u00e9e qui s&rsquo;annonce \u00e0 Montpellier, promet d&rsquo;\u00eatre superbe et ensoleill\u00e9e ! Les valeurs seront comprises entre 19&hellip;\n","protected":false},"author":2,"featured_media":169399,"comment_status":"","ping_status":"","sticky":false,"template":"","format":"standard","meta":{"footnotes":""},"categories":[9599],"tags":[1111,11,1777,674,1011,27,7089,2681,2208,12,2680,2119,25],"class_list":{"0":"post-169398","1":"post","2":"type-post","3":"status-publish","4":"format-standard","5":"has-post-thumbnail","7":"category-montpellier","8":"tag-actu","9":"tag-actualites","10":"tag-eu","11":"tag-europe","12":"tag-fr","13":"tag-france","14":"tag-herault","15":"tag-languedoc-roussillon","16":"tag-montpellier","17":"tag-news","18":"tag-occitanie","19":"tag-previsions-meteo","20":"tag-republique-francaise"},"share_on_mastodon":{"url":"https:\/\/pubeurope.com\/@fr\/114667302706199662","error":""},"_links":{"self":[{"href":"https:\/\/www.europesays.com\/fr\/wp-json\/wp\/v2\/posts\/169398","targetHints":{"allow":["GET"]}}],"collection":[{"href":"https:\/\/www.europesays.com\/fr\/wp-json\/wp\/v2\/posts"}],"about":[{"href":"https:\/\/www.europesays.com\/fr\/wp-json\/wp\/v2\/types\/post"}],"author":[{"embeddable":true,"href":"https:\/\/www.europesays.com\/fr\/wp-json\/wp\/v2\/users\/2"}],"replies":[{"embeddable":true,"href":"https:\/\/www.europesays.com\/fr\/wp-json\/wp\/v2\/comments?post=169398"}],"version-history":[{"count":0,"href":"https:\/\/www.europesays.com\/fr\/wp-json\/wp\/v2\/posts\/169398\/revisions"}],"wp:featuredmedia":[{"embeddable":true,"href":"https:\/\/www.europesays.com\/fr\/wp-json\/wp\/v2\/media\/169399"}],"wp:attachment":[{"href":"https:\/\/www.europesays.com\/fr\/wp-json\/wp\/v2\/media?parent=169398"}],"wp:term":[{"taxonomy":"category","embeddable":true,"href":"https:\/\/www.europesays.com\/fr\/wp-json\/wp\/v2\/categories?post=169398"},{"taxonomy":"post_tag","embeddable":true,"href":"https:\/\/www.europesays.com\/fr\/wp-json\/wp\/v2\/tags?post=169398"}],"curies":[{"name":"wp","href":"https:\/\/api.w.org\/{rel}","templated":true}]}}