{"id":169413,"date":"2025-06-11T23:32:10","date_gmt":"2025-06-11T23:32:10","guid":{"rendered":"https:\/\/www.europesays.com\/fr\/169413\/"},"modified":"2025-06-11T23:32:10","modified_gmt":"2025-06-11T23:32:10","slug":"previsions-du-jeudi-12-juin-2025-4","status":"publish","type":"post","link":"https:\/\/www.europesays.com\/fr\/169413\/","title":{"rendered":"pr\u00e9visions du jeudi 12 juin 2025"},"content":{"rendered":"<p>Nice aura le plaisir de pouvoir profiter d&rsquo;une superbe journ\u00e9e ensoleill\u00e9e. Les maximales pourront atteindre 26\u00b0C tandis que les minimales seront de 20\u00b0C. Une petite brise de sud-est soufflera. Le matin, on anticipe des temp\u00e9ratures d&rsquo;environ 24\u00b0C. Les valeurs seront comprises entre 25 et 26\u00b0C l&rsquo;apr\u00e8s-midi. Il va faire 23\u00b0C en moyenne le soir. On pr\u00e9voit une nuit claire entre jeudi et vendredi.<\/p>\n<p>Demain, un important soleil brillera sur Nice. La m\u00e9t\u00e9o va se r\u00e9chauffer avec une augmentation de quelques degr\u00e9s. Il fera environ 24\u00b0C. Un vent de nord-ouest rafra\u00eechira sensiblement l&rsquo;atmosph\u00e8re. Les temp\u00e9ratures afficheront entre 24 et 27\u00b0C durant la matin\u00e9e. Demain apr\u00e8s-midi, les valeurs s&rsquo;\u00e9chelonneront entre 26 et 27\u00b0C. Demain soir, le mercure affichera 25\u00b0C en moyenne.<\/p>\n<p>La m\u00e9t\u00e9o restera stable les prochains jours. Des temp\u00e9ratures dans les 26\u00b0C iront de pair avec un ciel ensoleill\u00e9.<\/p>\n<p><\/p>\n","protected":false},"excerpt":{"rendered":"Nice aura le plaisir de pouvoir profiter d&rsquo;une superbe journ\u00e9e ensoleill\u00e9e. Les maximales pourront atteindre 26\u00b0C tandis que&hellip;\n","protected":false},"author":2,"featured_media":169414,"comment_status":"","ping_status":"","sticky":false,"template":"","format":"standard","meta":{"footnotes":""},"categories":[2819],"tags":[1111,11,2898,1777,674,1011,27,12,2401,883,2119,882,25],"class_list":{"0":"post-169413","1":"post","2":"type-post","3":"status-publish","4":"format-standard","5":"has-post-thumbnail","7":"category-nice","8":"tag-actu","9":"tag-actualites","10":"tag-alpes-maritimes","11":"tag-eu","12":"tag-europe","13":"tag-fr","14":"tag-france","15":"tag-news","16":"tag-nice","17":"tag-paca","18":"tag-previsions-meteo","19":"tag-provence-alpes-cote-dazur","20":"tag-republique-francaise"},"share_on_mastodon":{"url":"https:\/\/pubeurope.com\/@fr\/114667346039011871","error":""},"_links":{"self":[{"href":"https:\/\/www.europesays.com\/fr\/wp-json\/wp\/v2\/posts\/169413","targetHints":{"allow":["GET"]}}],"collection":[{"href":"https:\/\/www.europesays.com\/fr\/wp-json\/wp\/v2\/posts"}],"about":[{"href":"https:\/\/www.europesays.com\/fr\/wp-json\/wp\/v2\/types\/post"}],"author":[{"embeddable":true,"href":"https:\/\/www.europesays.com\/fr\/wp-json\/wp\/v2\/users\/2"}],"replies":[{"embeddable":true,"href":"https:\/\/www.europesays.com\/fr\/wp-json\/wp\/v2\/comments?post=169413"}],"version-history":[{"count":0,"href":"https:\/\/www.europesays.com\/fr\/wp-json\/wp\/v2\/posts\/169413\/revisions"}],"wp:featuredmedia":[{"embeddable":true,"href":"https:\/\/www.europesays.com\/fr\/wp-json\/wp\/v2\/media\/169414"}],"wp:attachment":[{"href":"https:\/\/www.europesays.com\/fr\/wp-json\/wp\/v2\/media?parent=169413"}],"wp:term":[{"taxonomy":"category","embeddable":true,"href":"https:\/\/www.europesays.com\/fr\/wp-json\/wp\/v2\/categories?post=169413"},{"taxonomy":"post_tag","embeddable":true,"href":"https:\/\/www.europesays.com\/fr\/wp-json\/wp\/v2\/tags?post=169413"}],"curies":[{"name":"wp","href":"https:\/\/api.w.org\/{rel}","templated":true}]}}