{"id":169419,"date":"2025-06-11T23:35:26","date_gmt":"2025-06-11T23:35:26","guid":{"rendered":"https:\/\/www.europesays.com\/fr\/169419\/"},"modified":"2025-06-11T23:35:26","modified_gmt":"2025-06-11T23:35:26","slug":"nicolas-pallois-annonce-son-depart-du-fc-nantes","status":"publish","type":"post","link":"https:\/\/www.europesays.com\/fr\/169419\/","title":{"rendered":"Nicolas Pallois annonce son d\u00e9part du FC Nantes"},"content":{"rendered":"<p>            Par<br \/>\n        <strong><br \/>\n            <a href=\"https:\/\/actu.fr\/auteur\/thomas-bernard\" title=\"Consulter tous les articles de Thomas Bernard\" rel=\"nofollow noopener\" target=\"_blank\">Thomas Bernard<\/a><br \/>\n        <\/strong><\/p>\n<p>        Publi\u00e9 le<\/p>\n<p>            11 juin 2025 \u00e0 17h59        <\/p>\n<p>\u00ab\u2009Fin d\u2019un chapitre.\u2009\u00bb Ces mots sont ceux de <strong>Nicolas Pallois<\/strong>. Dans un message publi\u00e9 sur son compte X (anciennement Twitter), ce mercredi 11\u00a0juin 2025, le<strong> d\u00e9fenseur central a annonc\u00e9 son d\u00e9part du FC Nantes<\/strong>.<\/p>\n<p class=\" wall-content\">En fin de contrat, l\u2019ancien capitaine du FCN n\u2019a pas \u00e9t\u00e9 conserv\u00e9 par le club.<\/p>\n<p class=\" wall-content\">\n<p>\u00ab\u2009Je ne l\u2019oublierai jamais\u2009\u00bb<\/p>\n<p class=\" wall-content\">Arriv\u00e9 \u00e0 l\u2019\u00e9t\u00e9 2017 sur les bords de l\u2019Erdre, le natif d\u2019Elbeuf (Seine-Maritime) aura disput\u00e9 <strong>243 matchs<\/strong> avec la tunique des Canaris. L\u2019ancien num\u00e9ro\u00a04 des Jaune et Vert aura tout connu avec le club nantais\u2009: maintiens acquis de justesse, <a href=\"https:\/\/actu.fr\/pays-de-la-loire\/nantes_44109\/en-video-fc-nantes-le-retour-des-vainqueurs-de-la-coupe-de-france_50804443.html\" rel=\"nofollow noopener\" target=\"_blank\">victoire en Coupe de France en 2022<\/a>, mais aussi <a href=\"https:\/\/actu.fr\/pays-de-la-loire\/nantes_44109\/en-images-fc-nantes-la-coupe-d-europe-de-retour-a-la-beaujoire-recit-d-une-soiree-de-folie_53689801.html\" rel=\"nofollow noopener\" target=\"_blank\">le retour des soir\u00e9es europ\u00e9ennes<\/a>.<\/p>\n<p class=\" wall-content\">Au fil des saisons, Nicolas Pallois est devenu <strong>le chouchou de la Beaujoire,<\/strong> un soutien que le d\u00e9fenseur a salu\u00e9 dans son communiqu\u00e9.<\/p>\n<blockquote class=\"ac-article-quote wall-content\">\n<p>Ce qui m&rsquo;a port\u00e9\u00a0toutes ces ann\u00e9es, c&rsquo;est aussi vous. La ferveur de la Beaujoire, votre fid\u00e9lit\u00e9, vos encouragements dans les bons comme dans les mauvais moments &#8211; \u00e7a, je ne l&rsquo;oublierai jamais. Merci pour tout. <\/p>\n<p>    <strong>Nicolas Pallois<\/strong>\n            <\/p><\/blockquote>\n<p>Vid\u00e9os : en ce moment sur Actu<\/p>\n<p class=\" wall-content\">Selon les informations de <a href=\"https:\/\/www.lequipe.fr\/Football\/Actualites\/Nicolas-pallois-et-marcus-coco-non-prolonges-a-nantes-nicolas-cozza-a-nouveau-prete\/1569297\" rel=\"nofollow noopener\" target=\"_blank\">L\u2019\u00c9quipe<\/a>, <strong>Marcus Coco<\/strong>, lui aussi en fin de contrat avec les Canaris, ne poursuivra pas l\u2019aventure dans la cit\u00e9 des ducs de Bretagne.<\/p>\n<p class=\" wall-content\">Suivez toute l\u2019actualit\u00e9 de vos villes et m\u00e9dias favoris en vous inscrivant \u00e0 <a href=\"https:\/\/moncompte.actu.fr\" title=\"D\u00e9couvez Mon Actu\" rel=\"nofollow noopener\" data-trk=\"{&quot;cta&quot;:{&quot;action&quot;:&quot;https:\\\/\\\/moncompte.actu.fr&quot;,&quot;category&quot;:&quot;mon compte&quot;,&quot;from&quot;:&quot;article footer&quot;,&quot;name&quot;:&quot;Mon actu&quot;,&quot;type&quot;:&quot;cta&quot;}}\" target=\"_blank\">Mon Actu<\/a>.<\/p>\n","protected":false},"excerpt":{"rendered":"Par Thomas Bernard Publi\u00e9 le 11 juin 2025 \u00e0 17h59 \u00ab\u2009Fin d\u2019un chapitre.\u2009\u00bb Ces mots sont ceux de&hellip;\n","protected":false},"author":2,"featured_media":169420,"comment_status":"","ping_status":"","sticky":false,"template":"","format":"standard","meta":{"footnotes":""},"categories":[2818],"tags":[1111,11,1777,674,462,63,1011,27,766,12,2636,25,60],"class_list":{"0":"post-169419","1":"post","2":"type-post","3":"status-publish","4":"format-standard","5":"has-post-thumbnail","7":"category-nantes","8":"tag-actu","9":"tag-actualites","10":"tag-eu","11":"tag-europe","12":"tag-fc-nantes","13":"tag-football","14":"tag-fr","15":"tag-france","16":"tag-nantes","17":"tag-news","18":"tag-pays-de-la-loire","19":"tag-republique-francaise","20":"tag-sports"},"share_on_mastodon":{"url":"https:\/\/pubeurope.com\/@fr\/114667357704065721","error":""},"_links":{"self":[{"href":"https:\/\/www.europesays.com\/fr\/wp-json\/wp\/v2\/posts\/169419","targetHints":{"allow":["GET"]}}],"collection":[{"href":"https:\/\/www.europesays.com\/fr\/wp-json\/wp\/v2\/posts"}],"about":[{"href":"https:\/\/www.europesays.com\/fr\/wp-json\/wp\/v2\/types\/post"}],"author":[{"embeddable":true,"href":"https:\/\/www.europesays.com\/fr\/wp-json\/wp\/v2\/users\/2"}],"replies":[{"embeddable":true,"href":"https:\/\/www.europesays.com\/fr\/wp-json\/wp\/v2\/comments?post=169419"}],"version-history":[{"count":0,"href":"https:\/\/www.europesays.com\/fr\/wp-json\/wp\/v2\/posts\/169419\/revisions"}],"wp:featuredmedia":[{"embeddable":true,"href":"https:\/\/www.europesays.com\/fr\/wp-json\/wp\/v2\/media\/169420"}],"wp:attachment":[{"href":"https:\/\/www.europesays.com\/fr\/wp-json\/wp\/v2\/media?parent=169419"}],"wp:term":[{"taxonomy":"category","embeddable":true,"href":"https:\/\/www.europesays.com\/fr\/wp-json\/wp\/v2\/categories?post=169419"},{"taxonomy":"post_tag","embeddable":true,"href":"https:\/\/www.europesays.com\/fr\/wp-json\/wp\/v2\/tags?post=169419"}],"curies":[{"name":"wp","href":"https:\/\/api.w.org\/{rel}","templated":true}]}}