{"id":169425,"date":"2025-06-11T23:38:16","date_gmt":"2025-06-11T23:38:16","guid":{"rendered":"https:\/\/www.europesays.com\/fr\/169425\/"},"modified":"2025-06-11T23:38:16","modified_gmt":"2025-06-11T23:38:16","slug":"toulouse-ce-constructeur-davions-engrange-une-commande-historique-la-plus-importante-depuis-huit-ans","status":"publish","type":"post","link":"https:\/\/www.europesays.com\/fr\/169425\/","title":{"rendered":"Toulouse. Ce constructeur d&rsquo;avions engrange une \u00ab\u00a0commande historique\u00a0\u00bb, la plus importante depuis huit ans"},"content":{"rendered":"<p>            Par<br \/>\n        <strong><br \/>\n            <a href=\"https:\/\/actu.fr\/auteur\/guillaume-laurens\" title=\"Consulter tous les articles de Guillaume Laurens\" target=\"_blank\" rel=\"noopener\">Guillaume Laurens<\/a><br \/>\n        <\/strong><\/p>\n<p>        Publi\u00e9 le<\/p>\n<p>            11 juin 2025 \u00e0 17h38        <\/p>\n<p><strong>ATR<\/strong> a annonc\u00e9 ce mardi 10 juin 2025 en fin de journ\u00e9e avoir engrang\u00e9 <strong>une \u00ab\u00a0commande historique\u00a0\u00bb :<\/strong> la plus importante sign\u00e9e par l\u2019avionneur \u00ab\u00a0depuis 2017\u00a0\u00bb. Et pour le premier constructeur mondial d\u2019<strong>avions r\u00e9gionaux,<\/strong>\u00a0cela \u00ab\u00a0r\u00e9affirme le leadership\u00a0\u00bb de la filiale d\u2019<strong><a href=\"https:\/\/actu.fr\/tag\/airbus\" target=\"_blank\" rel=\"noopener\">Airbus<\/a><\/strong> et de Leonardo sur ce march\u00e9 tr\u00e8s strat\u00e9gique. Ce qu\u2019il faut savoir.<\/p>\n<p>Commande ferme de 19 avions et trois droits d\u2019achat\u00a0\u00a0<\/p>\n<p class=\" wall-content\">\u00c0 quelques jours de l\u2019ouverture du <strong>Salon du Bourget<\/strong> \u00e0 Paris, qui se tient du 16 au 22 juin, les plan\u00e8tes sont-elles d\u00e9j\u00e0 align\u00e9es pour ATR ? Le constructeur d\u2019avions r\u00e9gionaux s\u2019est dit ce mardi \u00ab\u00a0fier d\u2019annoncer\u00a0\u00bb qu\u2019<strong>Uni Air,<\/strong> une soci\u00e9t\u00e9 du groupe Eva Air, bas\u00e9 \u00e0 <strong>Ta\u00efwan<\/strong>, \u00ab\u00a0a pass\u00e9 une commande ferme de <strong>19 ATR 72-600<\/strong>, assortie de <strong>trois droits d\u2019achat<\/strong> suppl\u00e9mentaires\u00a0\u00bb.<\/p>\n<p>Livraisons pr\u00e9vues entre 2027 et 2032<\/p>\n<p class=\" wall-content\">D\u2019apr\u00e8s la filiale d\u2019Airbus et de l\u2019italien Leonardo, il s\u2019agit donc de \u00ab\u00a0la plus importante commande d\u2019ATR <strong>depuis 2017<\/strong>, et du deuxi\u00e8me achat direct d\u2019UNI Air depuis 2011, lorsque la compagnie a\u00e9rienne ta\u00efwanaise avait command\u00e9<strong> 10 ATR 72-600\u2033.<\/strong><\/p>\n<blockquote class=\"ac-article-quote wall-content\">\n<p>Elle t\u00e9moigne clairement de la confiance d\u2019Uni Air et de sa maison m\u00e8re Eva Air dans les turbopropulseurs produits par ATR pour desservir efficacement le march\u00e9 int\u00e9rieur ta\u00efwanais.<\/p>\n<p>    <strong>ATR<\/strong>\n            <\/p><\/blockquote>\n<p class=\" wall-content\">ATR ajoute que les <strong>livraisons<\/strong> de ces a\u00e9ronefs \u00ab\u00a0sont pr\u00e9vues <strong>entre 2027 et 2032\u2033.<\/strong><\/p>\n<p>    <img   decoding=\"async\" loading=\"lazy\" src=\"https:\/\/www.europesays.com\/fr\/wp-content\/uploads\/2025\/06\/avion-atr-turboprop-aircraft-uni-air-72-600-960x640.jpg\" alt=\"Les livraisons des 19 nouveaux ATR d'Uni Air \" width=\"960\" height=\"640\"\/><br \/>\n    Les livraisons des 19 nouveaux ATR d\u2019Uni Air \u00ab\u00a0sont pr\u00e9vues entre 2027 et 2032\u00a0\u00bb (\u00a9ATR)La compagnie ta\u00efwanaise accro\u00eet sa flotte<\/p>\n<p class=\" wall-content\">Ces 19 avions neufs permettront de <strong>renouveler<\/strong> et d\u2019<strong>accro\u00eetre la flotte actuelle<\/strong> d\u2019Uni Air, compos\u00e9e de<strong> 14 ATR 72-600,<\/strong> marquant ainsi \u00ab\u00a0une \u00e9tape importante dans la modernisation et la croissance de la compagnie a\u00e9rienne\u00a0\u00bb.<\/p>\n<p class=\" wall-content\">Le constructeur fait valoir que les versions r\u00e9centes de ses avions sont \u00ab\u00a0\u00e9quip\u00e9es des tout derniers <strong>moteurs PW127X<\/strong>, d\u2019une cabine au design modernis\u00e9 et d\u2019un nouveau syst\u00e8me de gestion de l\u2019air\u00a0\u00bb.<\/p>\n<p class=\" wall-content\">Uni Air, qui op\u00e8re principalement \u00e0 partir de l\u2019a\u00e9roport Songshan de Taipei, \u00e0 Ta\u00efwan, assure \u00ab\u00a0une connectivit\u00e9 a\u00e9rienne essentielle et fiable vers <strong>11 destinations\u00a0\u00bb<\/strong> alentour, \u00ab\u00a0y compris les \u00eeles de Kinmen, Penghu et Matsu\u00a0\u00bb, \u00e0 l\u2019aide de turbopropulseurs ATR.<\/p>\n<p>\u00ab\u00a0Une plateforme optimale\u00a0\u00bb<\/p>\n<p class=\" wall-content\">\u00ab\u00a0Cette nouvelle commande est une puissante affirmation de notre mission : produire des avions qui rassemblent les communaut\u00e9s\u00a0\u00bb, a avanc\u00e9 <strong>Nathalie Tarnaud-Laude<\/strong>, pr\u00e9sidente ex\u00e9cutive d\u2019ATR, \u00ab\u00a0ravie de soutenir les projets d\u2019expansion\u00a0\u00bb de cette compagnie de Ta\u00efwan. <strong>Solomon Lin<\/strong>, pr\u00e9sident d\u2019Uni Air, s\u2019est de son c\u00f4t\u00e9 r\u00e9joui que le constructeur toulousain \u00ab\u00a0reste notre partenaire privil\u00e9gi\u00e9\u00a0\u00bb.<\/p>\n<blockquote class=\"ac-article-quote wall-content\">\n<p>Les ATR, r\u00e9put\u00e9s pour leur rentabilit\u00e9, leur efficacit\u00e9 \u00e9nerg\u00e9tique, leur polyvalence et leur accessibilit\u00e9 aux a\u00e9roports, se sont impos\u00e9s comme la plateforme optimale pour la connectivit\u00e9 r\u00e9gionale.<\/p>\n<p>    <strong>Salomon Lin<\/strong><br \/>\n        Pr\u00e9sident d&rsquo;Uni Air    <\/p><\/blockquote>\n<p>    <img   decoding=\"async\" loading=\"lazy\" src=\"https:\/\/www.europesays.com\/fr\/wp-content\/uploads\/2025\/06\/atr-avion-72-600-960x640.jpg\" alt=\"Les avions \u00e0 turbopropulseurs produits par ATR connaissent un vif succ\u00e8s depuis quelques mois\" width=\"960\" height=\"640\"\/><br \/>\n    Les avions \u00e0 turbopropulseurs produits par ATR connaissent un vif succ\u00e8s depuis quelques mois (\u00a9ATR)L\u2019Asie-Pacifique, \u00ab\u00a0march\u00e9 le plus dynamique\u00a0\u00bb pour ATR<\/p>\n<p class=\" wall-content\">Pour l\u2019avionneur, \u00ab\u00a0cette commande significative r\u00e9affirme <strong>le leadership d\u2019ATR<\/strong>, qui s\u2019impose comme le choix privil\u00e9gi\u00e9 des compagnies a\u00e9riennes \u00e0 la recherche d\u2019avions r\u00e9gionaux modernes, efficaces et \u00e0 faibles \u00e9missions\u00a0\u00bb.<\/p>\n<blockquote class=\"ac-article-quote wall-content\">\n<p>S\u2019inscrivant dans la continuit\u00e9 d\u2019une forte reprise des commandes enregistr\u00e9es par ATR en 2024, elle confirme le nouvel \u00e9lan que conna\u00eet l\u2019aviation r\u00e9gionale.<\/p>\n<p>    <strong>ATR<\/strong>\n            <\/p><\/blockquote>\n<p class=\" wall-content\">En 2024, ATR avait enregistr\u00e9 <strong>56 commandes<\/strong>, en hausse de 40\u2009% par rapport \u00e0 2023.\u00a0<strong>L\u2019Asie-Pacifique<\/strong> reste \u00ab\u00a0le <strong>march\u00e9 le plus dynamique\u00a0\u00bb<\/strong> pour le constructeur, qui juge que ses avions sont \u00ab\u00a0particuli\u00e8rement adapt\u00e9s\u00a0\u00bb \u00e0 \u00ab\u00a0l\u2019\u00e9volution des besoins d\u00e9mographiques\u00a0\u00bb, mais aussi \u00e0 \u00ab\u00a0la diversit\u00e9 des paysages de la r\u00e9gion\u00a0\u00bb. Reste d\u00e9sormais aux \u00e9quipes d\u2019ATR \u00e0 confirmer cette tendance au salon du Bourget.<\/p>\n<p class=\" wall-content\">Suivez toute l\u2019actualit\u00e9 de vos villes et m\u00e9dias favoris en vous inscrivant \u00e0 <a href=\"https:\/\/moncompte.actu.fr\" title=\"D\u00e9couvez Mon Actu\" rel=\"nofollow noopener\" data-trk=\"{&quot;cta&quot;:{&quot;action&quot;:&quot;https:\\\/\\\/moncompte.actu.fr&quot;,&quot;category&quot;:&quot;mon compte&quot;,&quot;from&quot;:&quot;article footer&quot;,&quot;name&quot;:&quot;Mon actu&quot;,&quot;type&quot;:&quot;cta&quot;}}\" target=\"_blank\">Mon Actu<\/a>.<\/p>\n","protected":false},"excerpt":{"rendered":"Par Guillaume Laurens Publi\u00e9 le 11 juin 2025 \u00e0 17h38 ATR a annonc\u00e9 ce mardi 10 juin 2025&hellip;\n","protected":false},"author":2,"featured_media":169426,"comment_status":"","ping_status":"","sticky":false,"template":"","format":"standard","meta":{"footnotes":""},"categories":[2816],"tags":[1111,11,296,36,33,1777,674,1011,27,12,2680,25,2312],"class_list":{"0":"post-169425","1":"post","2":"type-post","3":"status-publish","4":"format-standard","5":"has-post-thumbnail","7":"category-toulouse","8":"tag-actu","9":"tag-actualites","10":"tag-aeronautique","11":"tag-airbus","12":"tag-economie","13":"tag-eu","14":"tag-europe","15":"tag-fr","16":"tag-france","17":"tag-news","18":"tag-occitanie","19":"tag-republique-francaise","20":"tag-toulouse"},"share_on_mastodon":{"url":"https:\/\/pubeurope.com\/@fr\/114667369581127762","error":""},"_links":{"self":[{"href":"https:\/\/www.europesays.com\/fr\/wp-json\/wp\/v2\/posts\/169425","targetHints":{"allow":["GET"]}}],"collection":[{"href":"https:\/\/www.europesays.com\/fr\/wp-json\/wp\/v2\/posts"}],"about":[{"href":"https:\/\/www.europesays.com\/fr\/wp-json\/wp\/v2\/types\/post"}],"author":[{"embeddable":true,"href":"https:\/\/www.europesays.com\/fr\/wp-json\/wp\/v2\/users\/2"}],"replies":[{"embeddable":true,"href":"https:\/\/www.europesays.com\/fr\/wp-json\/wp\/v2\/comments?post=169425"}],"version-history":[{"count":0,"href":"https:\/\/www.europesays.com\/fr\/wp-json\/wp\/v2\/posts\/169425\/revisions"}],"wp:featuredmedia":[{"embeddable":true,"href":"https:\/\/www.europesays.com\/fr\/wp-json\/wp\/v2\/media\/169426"}],"wp:attachment":[{"href":"https:\/\/www.europesays.com\/fr\/wp-json\/wp\/v2\/media?parent=169425"}],"wp:term":[{"taxonomy":"category","embeddable":true,"href":"https:\/\/www.europesays.com\/fr\/wp-json\/wp\/v2\/categories?post=169425"},{"taxonomy":"post_tag","embeddable":true,"href":"https:\/\/www.europesays.com\/fr\/wp-json\/wp\/v2\/tags?post=169425"}],"curies":[{"name":"wp","href":"https:\/\/api.w.org\/{rel}","templated":true}]}}