{"id":169429,"date":"2025-06-11T23:40:11","date_gmt":"2025-06-11T23:40:11","guid":{"rendered":"https:\/\/www.europesays.com\/fr\/169429\/"},"modified":"2025-06-11T23:40:11","modified_gmt":"2025-06-11T23:40:11","slug":"previsions-du-jeudi-12-juin-2025-7","status":"publish","type":"post","link":"https:\/\/www.europesays.com\/fr\/169429\/","title":{"rendered":"pr\u00e9visions du jeudi 12 juin 2025"},"content":{"rendered":"<p>Cette journ\u00e9e sera synonyme de grand soleil pour Lille. Les temp\u00e9ratures seront comprises entre 13 et 29\u00b0C. Le matin, une modeste brise de sud-est sera ressentie par les habitants. L&rsquo;apr\u00e8s-midi, c&rsquo;est une hausse de plusieurs degr\u00e9s que vont enregistrer les temp\u00e9ratures. Les valeurs seront de 27\u00b0C au minimum et de 29\u00b0C au plus haut. Il fera environ 25\u00b0C, le soir. Un ciel clair est attendu dans la nuit entre jeudi et vendredi.<\/p>\n<p>La m\u00e9t\u00e9o va se r\u00e9chauffer demain \u00e0 Lille avec une augmentation de quelques degr\u00e9s. Les temp\u00e9ratures maximales annonc\u00e9es sont \u00e9lev\u00e9es, avec 32\u00b0C. Les valeurs s&rsquo;\u00e9chelonneront entre 17 et 32\u00b0C. On annonce des \u00e9claircies pour cette matin\u00e9e. Les temp\u00e9ratures avoisineront les 24\u00b0C. Un vent de nord soufflera l\u00e9g\u00e8rement. Le soleil sera dominant, la promesse d&rsquo;un magnifique apr\u00e8s-midi ! Les temp\u00e9ratures vont conna\u00eetre une hausse de plusieurs degr\u00e9s. L&rsquo;\u00e9pisode de fortes chaleurs est bien l\u00e0, avec des temp\u00e9ratures qui risqueront d&rsquo;aller jusqu&rsquo;\u00e0 32\u00b0C. Demain soir, le temps sera marqu\u00e9 par des pluies \u00e9parses. Il va faire 25\u00b0C en moyenne. Un vent de nord-est soufflera un peu, avec 8 km\/h.<\/p>\n<p>Peu d&rsquo;\u00e9volutions au fil des jours. On s&rsquo;attend \u00e0 des journ\u00e9es ensoleill\u00e9es, accompagn\u00e9es par des temp\u00e9ratures dans les 20\u00b0C en moyenne.<\/p>\n<p><\/p>\n","protected":false},"excerpt":{"rendered":"Cette journ\u00e9e sera synonyme de grand soleil pour Lille. Les temp\u00e9ratures seront comprises entre 13 et 29\u00b0C. Le&hellip;\n","protected":false},"author":2,"featured_media":169430,"comment_status":"","ping_status":"","sticky":false,"template":"","format":"standard","meta":{"footnotes":""},"categories":[2815],"tags":[1111,11,1777,674,1011,27,811,1307,12,1308,1309,2119,25],"class_list":{"0":"post-169429","1":"post","2":"type-post","3":"status-publish","4":"format-standard","5":"has-post-thumbnail","7":"category-lille","8":"tag-actu","9":"tag-actualites","10":"tag-eu","11":"tag-europe","12":"tag-fr","13":"tag-france","14":"tag-hauts-de-france","15":"tag-lille","16":"tag-news","17":"tag-nord","18":"tag-nord-pas-de-calais","19":"tag-previsions-meteo","20":"tag-republique-francaise"},"share_on_mastodon":{"url":"https:\/\/pubeurope.com\/@fr\/114667377478319063","error":""},"_links":{"self":[{"href":"https:\/\/www.europesays.com\/fr\/wp-json\/wp\/v2\/posts\/169429","targetHints":{"allow":["GET"]}}],"collection":[{"href":"https:\/\/www.europesays.com\/fr\/wp-json\/wp\/v2\/posts"}],"about":[{"href":"https:\/\/www.europesays.com\/fr\/wp-json\/wp\/v2\/types\/post"}],"author":[{"embeddable":true,"href":"https:\/\/www.europesays.com\/fr\/wp-json\/wp\/v2\/users\/2"}],"replies":[{"embeddable":true,"href":"https:\/\/www.europesays.com\/fr\/wp-json\/wp\/v2\/comments?post=169429"}],"version-history":[{"count":0,"href":"https:\/\/www.europesays.com\/fr\/wp-json\/wp\/v2\/posts\/169429\/revisions"}],"wp:featuredmedia":[{"embeddable":true,"href":"https:\/\/www.europesays.com\/fr\/wp-json\/wp\/v2\/media\/169430"}],"wp:attachment":[{"href":"https:\/\/www.europesays.com\/fr\/wp-json\/wp\/v2\/media?parent=169429"}],"wp:term":[{"taxonomy":"category","embeddable":true,"href":"https:\/\/www.europesays.com\/fr\/wp-json\/wp\/v2\/categories?post=169429"},{"taxonomy":"post_tag","embeddable":true,"href":"https:\/\/www.europesays.com\/fr\/wp-json\/wp\/v2\/tags?post=169429"}],"curies":[{"name":"wp","href":"https:\/\/api.w.org\/{rel}","templated":true}]}}