{"id":169434,"date":"2025-06-11T23:43:10","date_gmt":"2025-06-11T23:43:10","guid":{"rendered":"https:\/\/www.europesays.com\/fr\/169434\/"},"modified":"2025-06-11T23:43:10","modified_gmt":"2025-06-11T23:43:10","slug":"previsions-du-jeudi-12-juin-2025-8","status":"publish","type":"post","link":"https:\/\/www.europesays.com\/fr\/169434\/","title":{"rendered":"pr\u00e9visions du jeudi 12 juin 2025"},"content":{"rendered":"<p>Marseille aura le plaisir de pouvoir profiter d&rsquo;une superbe journ\u00e9e ensoleill\u00e9e. Les temp\u00e9ratures seront de 24\u00b0C. Une petite brise de sud-est sera ressentie par les habitants. Les valeurs afficheront entre 22 et 25\u00b0C le matin. Les temp\u00e9ratures seront comprises entre 24 et 26\u00b0C pendant l&rsquo;apr\u00e8s-midi. Les valeurs iront de 23 \u00e0 24\u00b0C sur l&rsquo;ensemble de la soir\u00e9e. Entre jeudi et vendredi, la nuit sera claire.<\/p>\n<p>Un bel ensoleillement est pr\u00e9vu demain \u00e0 Marseille. Une m\u00e9t\u00e9o plus chaude est attendue puisque le mercure va conna\u00eetre une hausse. Les temp\u00e9ratures s&rsquo;\u00e9chelonneront entre 22 et 27\u00b0C. Un vent de sud-est rafra\u00eechira sensiblement l&rsquo;atmosph\u00e8re. Les valeurs afficheront entre 23\u00b0C et 26\u00b0C dans la matin\u00e9e. Les maximales atteindront les 27\u00b0C dans l&rsquo;apr\u00e8s-midi alors que les minimales seront de 26\u00b0C. Il va faire 25\u00b0C en moyenne demain soir.<\/p>\n<p>Le temps restera inchang\u00e9 les jours \u00e0 venir. Il fera 26\u00b0C en moyenne pour des journ\u00e9es avec une m\u00e9t\u00e9o ensoleill\u00e9e.<\/p>\n<p><\/p>\n","protected":false},"excerpt":{"rendered":"Marseille aura le plaisir de pouvoir profiter d&rsquo;une superbe journ\u00e9e ensoleill\u00e9e. Les temp\u00e9ratures seront de 24\u00b0C. Une petite&hellip;\n","protected":false},"author":2,"featured_media":169435,"comment_status":"","ping_status":"","sticky":false,"template":"","format":"standard","meta":{"footnotes":""},"categories":[2814],"tags":[1111,11,885,1777,674,1011,27,884,12,883,2119,882,25],"class_list":{"0":"post-169434","1":"post","2":"type-post","3":"status-publish","4":"format-standard","5":"has-post-thumbnail","7":"category-marseille","8":"tag-actu","9":"tag-actualites","10":"tag-bouches-du-rhone","11":"tag-eu","12":"tag-europe","13":"tag-fr","14":"tag-france","15":"tag-marseille","16":"tag-news","17":"tag-paca","18":"tag-previsions-meteo","19":"tag-provence-alpes-cote-dazur","20":"tag-republique-francaise"},"share_on_mastodon":{"url":"https:\/\/pubeurope.com\/@fr\/114667389130964209","error":""},"_links":{"self":[{"href":"https:\/\/www.europesays.com\/fr\/wp-json\/wp\/v2\/posts\/169434","targetHints":{"allow":["GET"]}}],"collection":[{"href":"https:\/\/www.europesays.com\/fr\/wp-json\/wp\/v2\/posts"}],"about":[{"href":"https:\/\/www.europesays.com\/fr\/wp-json\/wp\/v2\/types\/post"}],"author":[{"embeddable":true,"href":"https:\/\/www.europesays.com\/fr\/wp-json\/wp\/v2\/users\/2"}],"replies":[{"embeddable":true,"href":"https:\/\/www.europesays.com\/fr\/wp-json\/wp\/v2\/comments?post=169434"}],"version-history":[{"count":0,"href":"https:\/\/www.europesays.com\/fr\/wp-json\/wp\/v2\/posts\/169434\/revisions"}],"wp:featuredmedia":[{"embeddable":true,"href":"https:\/\/www.europesays.com\/fr\/wp-json\/wp\/v2\/media\/169435"}],"wp:attachment":[{"href":"https:\/\/www.europesays.com\/fr\/wp-json\/wp\/v2\/media?parent=169434"}],"wp:term":[{"taxonomy":"category","embeddable":true,"href":"https:\/\/www.europesays.com\/fr\/wp-json\/wp\/v2\/categories?post=169434"},{"taxonomy":"post_tag","embeddable":true,"href":"https:\/\/www.europesays.com\/fr\/wp-json\/wp\/v2\/tags?post=169434"}],"curies":[{"name":"wp","href":"https:\/\/api.w.org\/{rel}","templated":true}]}}