{"id":169436,"date":"2025-06-11T23:44:09","date_gmt":"2025-06-11T23:44:09","guid":{"rendered":"https:\/\/www.europesays.com\/fr\/169436\/"},"modified":"2025-06-11T23:44:09","modified_gmt":"2025-06-11T23:44:09","slug":"previsions-du-jeudi-12-juin-2025-9","status":"publish","type":"post","link":"https:\/\/www.europesays.com\/fr\/169436\/","title":{"rendered":"pr\u00e9visions du jeudi 12 juin 2025"},"content":{"rendered":"<p>Aujourd&rsquo;hui, les Lyonnais vont pouvoir profiter d&rsquo;un soleil magnifique. Les valeurs afficheront entre 16 et 32\u00b0C. Un vent de sud-est soufflera l\u00e9g\u00e8rement, avec 13 km\/h. Les temp\u00e9ratures vont conna\u00eetre une augmentation de plusieurs degr\u00e9s lors de l&rsquo;apr\u00e8s-midi. La ville va subir un passage de grosses chaleurs avec des temp\u00e9ratures qui rejoindront parfois les 32\u00b0C. On passera de jeudi \u00e0 vendredi par une nuit claire.<\/p>\n<p>Un bel ensoleillement est pr\u00e9vu demain \u00e0 Lyon. C&rsquo;est une hausse de quelques degr\u00e9s que vont enregistrer les temp\u00e9ratures. Les importantes chaleurs sont pr\u00e9sentes. Avec des valeurs situ\u00e9es entre 17 et 33\u00b0C. Les temp\u00e9ratures seront comprises entre 17 et 33\u00b0C. Une l\u00e9g\u00e8re brise de sud-est sera ressentie par les habitants. Il va faire 26\u00b0C en moyenne le matin. Les temp\u00e9ratures vont grimper pendant l&rsquo;apr\u00e8s-midi de plusieurs degr\u00e9s. La p\u00e9riode de fortes chaleurs est bien l\u00e0, avec des valeurs qui risqueront d&rsquo;aller jusqu&rsquo;\u00e0 33\u00b0C.<\/p>\n<p>Peu d&rsquo;\u00e9volutions pour la suite. On s&rsquo;attend \u00e0 des journ\u00e9es ensoleill\u00e9es, accompagn\u00e9es par des temp\u00e9ratures dans les 24\u00b0C en moyenne.<\/p>\n<p>Lors de forte chaleur, il est n\u00e9cessaire de se rafra\u00eechir par n&rsquo;importe quel moyen. Hydratez-vous bien, prenez des douches fr\u00e9quemment, uilisez un brumisateur et tenez vos volets ferm\u00e9s pendant la journ\u00e9e.<\/p>\n","protected":false},"excerpt":{"rendered":"Aujourd&rsquo;hui, les Lyonnais vont pouvoir profiter d&rsquo;un soleil magnifique. Les valeurs afficheront entre 16 et 32\u00b0C. Un vent&hellip;\n","protected":false},"author":2,"featured_media":169437,"comment_status":"","ping_status":"","sticky":false,"template":"","format":"standard","meta":{"footnotes":""},"categories":[1889],"tags":[1111,11,2430,1777,674,1011,27,2428,12,2119,25,2429,2431],"class_list":{"0":"post-169436","1":"post","2":"type-post","3":"status-publish","4":"format-standard","5":"has-post-thumbnail","7":"category-lyon","8":"tag-actu","9":"tag-actualites","10":"tag-auvergne-rhone-alpes","11":"tag-eu","12":"tag-europe","13":"tag-fr","14":"tag-france","15":"tag-lyon","16":"tag-news","17":"tag-previsions-meteo","18":"tag-republique-francaise","19":"tag-rhone","20":"tag-rhone-alpes"},"share_on_mastodon":{"url":"https:\/\/pubeurope.com\/@fr\/114667393208022120","error":""},"_links":{"self":[{"href":"https:\/\/www.europesays.com\/fr\/wp-json\/wp\/v2\/posts\/169436","targetHints":{"allow":["GET"]}}],"collection":[{"href":"https:\/\/www.europesays.com\/fr\/wp-json\/wp\/v2\/posts"}],"about":[{"href":"https:\/\/www.europesays.com\/fr\/wp-json\/wp\/v2\/types\/post"}],"author":[{"embeddable":true,"href":"https:\/\/www.europesays.com\/fr\/wp-json\/wp\/v2\/users\/2"}],"replies":[{"embeddable":true,"href":"https:\/\/www.europesays.com\/fr\/wp-json\/wp\/v2\/comments?post=169436"}],"version-history":[{"count":0,"href":"https:\/\/www.europesays.com\/fr\/wp-json\/wp\/v2\/posts\/169436\/revisions"}],"wp:featuredmedia":[{"embeddable":true,"href":"https:\/\/www.europesays.com\/fr\/wp-json\/wp\/v2\/media\/169437"}],"wp:attachment":[{"href":"https:\/\/www.europesays.com\/fr\/wp-json\/wp\/v2\/media?parent=169436"}],"wp:term":[{"taxonomy":"category","embeddable":true,"href":"https:\/\/www.europesays.com\/fr\/wp-json\/wp\/v2\/categories?post=169436"},{"taxonomy":"post_tag","embeddable":true,"href":"https:\/\/www.europesays.com\/fr\/wp-json\/wp\/v2\/tags?post=169436"}],"curies":[{"name":"wp","href":"https:\/\/api.w.org\/{rel}","templated":true}]}}