{"id":169444,"date":"2025-06-11T23:48:11","date_gmt":"2025-06-11T23:48:11","guid":{"rendered":"https:\/\/www.europesays.com\/fr\/169444\/"},"modified":"2025-06-11T23:48:11","modified_gmt":"2025-06-11T23:48:11","slug":"seine-et-marne-un-ex-avocat-accuse-descroqueries-juge-a-melun-pour-exercice-illegal-du-metier","status":"publish","type":"post","link":"https:\/\/www.europesays.com\/fr\/169444\/","title":{"rendered":"Seine-et-Marne\u00a0: un ex-avocat accus\u00e9 d\u2019escroqueries jug\u00e9 \u00e0 Melun pour exercice ill\u00e9gal du m\u00e9tier"},"content":{"rendered":"<p class=\"paragraph text_align_left\">L\u2019habit ne fait pas le moine. Avec sa robe noire, il a tromp\u00e9 son monde, ses clients, ses coll\u00e8gues\u2026 \u00c2g\u00e9 de 56 ans, Philippe M. est jug\u00e9 jusqu\u2019\u00e0 ce jeudi soir au tribunal correctionnel de <a href=\"https:\/\/www.leparisien.fr\/seine-et-marne-77\/melun-77000\/\" target=\"_self\" rel=\"nofollow noopener\">Melun <\/a>(Seine-et-Marne) pour exercice ill\u00e9gal de la profession d\u2019avocat, du 1er septembre 2011 au 21 mai 2013 \u00e0 Paris, Roissy-en-Brie et Bouray-sur-Juine (Essonne) alors qu\u2019il avait \u00e9t\u00e9 suspendu le 1er septembre 2011 par le Conseil de l\u2019ordre des avocats de Melun, mais aussi pour alt\u00e9ration frauduleuse de la v\u00e9rit\u00e9 et usage de faux en \u00e9criture le 9 novembre 2010, ainsi que pour escroquerie et <a href=\"https:\/\/www.leparisien.fr\/faits-divers\/au-tribunal-lavocat-escroc-est-de-lautre-cote-de-la-barre-01-03-2024-DYSRC5OGZFA4RCDXLKDDDF5X4U.php\" target=\"_self\" rel=\"nofollow noopener\">abus de confiance,<\/a> certains en r\u00e9cidive.<\/p>\n<p class=\"paragraph text_align_left\">Au total, il aurait fait une soixantaine de victimes. Si 29 se sont port\u00e9es partie civile durant l\u2019instruction, elles ne sont plus qu\u2019une petite dizaine aujourd\u2019hui, dont le Conseil de l\u2019ordre des avocats de Melun repr\u00e9sent\u00e9 par son b\u00e2tonnier, J\u00e9r\u00f4me Bouricard.<\/p>\n","protected":false},"excerpt":{"rendered":"L\u2019habit ne fait pas le moine. Avec sa robe noire, il a tromp\u00e9 son monde, ses clients, ses&hellip;\n","protected":false},"author":2,"featured_media":169445,"comment_status":"","ping_status":"","sticky":false,"template":"","format":"standard","meta":{"footnotes":""},"categories":[1888],"tags":[1111,1928,11,1927,1777,674,118,1011,27,1944,12,1926,626,1925,25,1937],"class_list":{"0":"post-169444","1":"post","2":"type-post","3":"status-publish","4":"format-standard","5":"has-post-thumbnail","7":"category-paris","8":"tag-actu","9":"tag-actu-paris","10":"tag-actualites","11":"tag-actualites-paris","12":"tag-eu","13":"tag-europe","14":"tag-faits-divers","15":"tag-fr","16":"tag-france","17":"tag-ma-ville","18":"tag-news","19":"tag-news-paris","20":"tag-paris","21":"tag-paris-news","22":"tag-republique-francaise","23":"tag-seine-et-marne"},"share_on_mastodon":{"url":"https:\/\/pubeurope.com\/@fr\/114667408819811636","error":""},"_links":{"self":[{"href":"https:\/\/www.europesays.com\/fr\/wp-json\/wp\/v2\/posts\/169444","targetHints":{"allow":["GET"]}}],"collection":[{"href":"https:\/\/www.europesays.com\/fr\/wp-json\/wp\/v2\/posts"}],"about":[{"href":"https:\/\/www.europesays.com\/fr\/wp-json\/wp\/v2\/types\/post"}],"author":[{"embeddable":true,"href":"https:\/\/www.europesays.com\/fr\/wp-json\/wp\/v2\/users\/2"}],"replies":[{"embeddable":true,"href":"https:\/\/www.europesays.com\/fr\/wp-json\/wp\/v2\/comments?post=169444"}],"version-history":[{"count":0,"href":"https:\/\/www.europesays.com\/fr\/wp-json\/wp\/v2\/posts\/169444\/revisions"}],"wp:featuredmedia":[{"embeddable":true,"href":"https:\/\/www.europesays.com\/fr\/wp-json\/wp\/v2\/media\/169445"}],"wp:attachment":[{"href":"https:\/\/www.europesays.com\/fr\/wp-json\/wp\/v2\/media?parent=169444"}],"wp:term":[{"taxonomy":"category","embeddable":true,"href":"https:\/\/www.europesays.com\/fr\/wp-json\/wp\/v2\/categories?post=169444"},{"taxonomy":"post_tag","embeddable":true,"href":"https:\/\/www.europesays.com\/fr\/wp-json\/wp\/v2\/tags?post=169444"}],"curies":[{"name":"wp","href":"https:\/\/api.w.org\/{rel}","templated":true}]}}