{"id":169446,"date":"2025-06-11T23:49:10","date_gmt":"2025-06-11T23:49:10","guid":{"rendered":"https:\/\/www.europesays.com\/fr\/169446\/"},"modified":"2025-06-11T23:49:10","modified_gmt":"2025-06-11T23:49:10","slug":"le-stade-francais-pioche-a-la-rochelle-avec-les-arrivees-de-kerr-barlow-et-paiva","status":"publish","type":"post","link":"https:\/\/www.europesays.com\/fr\/169446\/","title":{"rendered":"le Stade Fran\u00e7ais pioche \u00e0 La Rochelle avec les arriv\u00e9es de Kerr-Barlow et Paiva"},"content":{"rendered":"<p>Le club parisien a annonc\u00e9, ce mercredi, les signatures de Tawera Kerr-Barlow et Thierry Paiva en provenance du Stade Rochelais.<\/p>\n<p class=\"fig-paragraph\">Le demi de m\u00eal\u00e9e n\u00e9o-z\u00e9landais Tawera Kerr-Barlow et le pilier gauche Thierry Paiva quittent\u00a0<a href=\"http:\/\/www.lefigaro.fr\/sports\/rugby\/top-14\/top-14-une-saison-ratee-hastoy-et-la-rochelle-accusent-le-coup-apres-la-perte-du-top-6-20250607\" target=\"_blank\" data-fig-type=\"NewsFlash\" rel=\"noopener\" data-gtm-custom-categorie=\"navigation\" data-gtm-custom-action=\"crossclick\" data-gtm-custom-label=\"Contextuel\" data-gtm-event=\"customEventSPE\" data-fig-domain=\"LEFIGARO\">La Rochelle<\/a>\u00a0pour<a href=\"http:\/\/www.lefigaro.fr\/sports\/rugby\/top-14\/top-14-certains-joueurs-ne-sont-pas-totalement-motives-cingle-president-du-stade-francais-20250608\" target=\"_blank\" data-fig-type=\"NewsFlash\" rel=\"noopener\" data-gtm-custom-categorie=\"navigation\" data-gtm-custom-action=\"crossclick\" data-gtm-custom-label=\"Contextuel\" data-gtm-event=\"customEventSPE\" data-fig-domain=\"LEFIGARO\">\u00a0le Stade Fran\u00e7ais<\/a>, a annonc\u00e9 mercredi le club de la capitale mercredi, quelques jours apr\u00e8s avoir assur\u00e9 son maintien en Top 14.<\/p>\n<p class=\"fig-paragraph\">Le v\u00e9t\u00e9ran Kerr-Barlow (34 ans, 29 s\u00e9lections avec les All Blacks) \u00e9tait un des cadres du club rochelais, o\u00f9 il jouait depuis 2017, avec notamment deux titres en Champions Cup en 2022 et 2023, et s&rsquo;est engag\u00e9 jusqu&rsquo;en 2027 avec Paris. Paiva, pass\u00e9 notamment par Bordeaux-B\u00e8gles, a lui peu jou\u00e9 \u00e0 la Rochelle depuis son arriv\u00e9e en 2022, avec seulement 10 matches en Top 14 cette saison, pour deux titularisations.<\/p>\n<p>Paul Abadie prolong\u00e9, Costa Storti file \u00e0 Grenoble<\/p>\n<p class=\"fig-paragraph\">Le club parisien, qui a termin\u00e9 \u00e0 la 12e place du championnat, a \u00e9galement indiqu\u00e9 que le demi de m\u00eal\u00e9e Paul Abadie, arriv\u00e9 en f\u00e9vrier depuis l&rsquo;UBB apr\u00e8s la blessure \u00e0 la cheville de Brad Weber, a \u00e9t\u00e9 prolong\u00e9 jusqu&rsquo;en 2027. Le Stade Fran\u00e7ais a confirm\u00e9 le d\u00e9part de plusieurs joueurs, dont le pilier droit des Pumas Francisco Gomez-Kodela (retraite).<\/p>\n<p class=\"fig-paragraph\">L&rsquo;ailier international portugais Raffaele Costa Storti, tr\u00e8s peu utilis\u00e9 cette saison apr\u00e8s avoir brill\u00e9 en pr\u00eat en Pro D2 \u00e0 B\u00e9ziers la saison pr\u00e9c\u00e9dente, prend lui la direction de Grenoble, finaliste malheureux de Pro D2, et qui joue un barrage d&rsquo;accession samedi contre Perpignan.<\/p>\n","protected":false},"excerpt":{"rendered":"Le club parisien a annonc\u00e9, ce mercredi, les signatures de Tawera Kerr-Barlow et Thierry Paiva en provenance du&hellip;\n","protected":false},"author":2,"featured_media":169447,"comment_status":"","ping_status":"","sticky":false,"template":"","format":"standard","meta":{"footnotes":""},"categories":[1888],"tags":[1111,1928,11,1927,525,4590,1981,2313,814,1777,674,1011,27,955,12,1926,626,1925,4589,2311,25,1980,479,2259,2558,6365,478,2310,2312],"class_list":{"0":"post-169446","1":"post","2":"type-post","3":"status-publish","4":"format-standard","5":"has-post-thumbnail","7":"category-paris","8":"tag-actu","9":"tag-actu-paris","10":"tag-actualites","11":"tag-actualites-paris","12":"tag-calendrier","13":"tag-championnat-france","14":"tag-classement","15":"tag-clermont","16":"tag-direct","17":"tag-eu","18":"tag-europe","19":"tag-fr","20":"tag-france","21":"tag-match","22":"tag-news","23":"tag-news-paris","24":"tag-paris","25":"tag-paris-news","26":"tag-phase-finale","27":"tag-racing","28":"tag-republique-francaise","29":"tag-resultats","30":"tag-rugby","31":"tag-score","32":"tag-stade-francais","33":"tag-stade-rochelais","34":"tag-top-14","35":"tag-toulon","36":"tag-toulouse"},"share_on_mastodon":{"url":"https:\/\/pubeurope.com\/@fr\/114667412818121843","error":""},"_links":{"self":[{"href":"https:\/\/www.europesays.com\/fr\/wp-json\/wp\/v2\/posts\/169446","targetHints":{"allow":["GET"]}}],"collection":[{"href":"https:\/\/www.europesays.com\/fr\/wp-json\/wp\/v2\/posts"}],"about":[{"href":"https:\/\/www.europesays.com\/fr\/wp-json\/wp\/v2\/types\/post"}],"author":[{"embeddable":true,"href":"https:\/\/www.europesays.com\/fr\/wp-json\/wp\/v2\/users\/2"}],"replies":[{"embeddable":true,"href":"https:\/\/www.europesays.com\/fr\/wp-json\/wp\/v2\/comments?post=169446"}],"version-history":[{"count":0,"href":"https:\/\/www.europesays.com\/fr\/wp-json\/wp\/v2\/posts\/169446\/revisions"}],"wp:featuredmedia":[{"embeddable":true,"href":"https:\/\/www.europesays.com\/fr\/wp-json\/wp\/v2\/media\/169447"}],"wp:attachment":[{"href":"https:\/\/www.europesays.com\/fr\/wp-json\/wp\/v2\/media?parent=169446"}],"wp:term":[{"taxonomy":"category","embeddable":true,"href":"https:\/\/www.europesays.com\/fr\/wp-json\/wp\/v2\/categories?post=169446"},{"taxonomy":"post_tag","embeddable":true,"href":"https:\/\/www.europesays.com\/fr\/wp-json\/wp\/v2\/tags?post=169446"}],"curies":[{"name":"wp","href":"https:\/\/api.w.org\/{rel}","templated":true}]}}