{"id":169448,"date":"2025-06-11T23:50:17","date_gmt":"2025-06-11T23:50:17","guid":{"rendered":"https:\/\/www.europesays.com\/fr\/169448\/"},"modified":"2025-06-11T23:50:17","modified_gmt":"2025-06-11T23:50:17","slug":"en-avril-2026-dorothee-sera-de-retour-sur-scene-pour-un-concert-au-palais-des-congres-a-paris-2","status":"publish","type":"post","link":"https:\/\/www.europesays.com\/fr\/169448\/","title":{"rendered":"En avril\u00a02026, Doroth\u00e9e sera de retour sur sc\u00e8ne pour un concert au Palais des Congr\u00e8s \u00e0 Paris"},"content":{"rendered":"<p>Seize ans apr\u00e8s ses derniers concerts, <a href=\"https:\/\/www.ouest-france.fr\/leditiondusoir\/2025-01-24\/quiz-connaissez-vous-bien-dorothee-et-ses-emissions-1be4be14-e3a9-4470-88df-376ce7ac1077\" target=\"_self\" rel=\"noopener\">Doroth\u00e9e, chanteuse pour enfants de 1977 \u00e0 1997<\/a> et ex-animatrice du \u00ab\u00a0Club Doroth\u00e9e\u00a0\u00bb, reviendra sur sc\u00e8ne le 4\u00a0avril 2026 au Palais des Congr\u00e8s de Paris. La billetterie doit ouvrir jeudi midi.<\/p>\n<p><strong>\u00ab\u00a0Tout cet amour que vous m\u2019avez t\u00e9moign\u00e9, depuis tant d\u2019ann\u00e9es, m\u2019a fait r\u00e9aliser que vous retrouver sur sc\u00e8ne devenait une \u00e9vidence\u00a0\u00bb<\/strong>, confie Doroth\u00e9e \u00e0 ses fans dans un communiqu\u00e9 publi\u00e9 mercredi 11\u00a0juin 2025.<\/p>\n<p>Le record f\u00e9minin de repr\u00e9sentations au Z\u00e9nith de Paris<\/p>\n<p>Ses derniers concerts remontent \u00e0 2010, \u00e0 l\u2019Olympia pour quatre dates et sur la sc\u00e8ne de Bercy qu\u2019elle foulait pour la 59e fois, pour un total de 700\u00a0000\u00a0spectateurs. Elle d\u00e9tient en outre le record f\u00e9minin de repr\u00e9sentations au Z\u00e9nith de Paris avec 52\u00a0concerts.<\/p>\n<p><strong>\u00ab\u00a0Se retrouver\u2026 pour le plaisir de partager les refrains qui ont jalonn\u00e9 nos vies. Se retrouver\u2026 tous ensemble, et vous entendre chanter \u00e0 mes c\u00f4t\u00e9s. Se retrouver\u2026 pour se dire que ce n\u2019est jamais termin\u00e9. [\u2026] Je compte sur vous\u00a0!\u00a0\u00bb<\/strong>, ajoute la chanteuse et ex-animatrice du \u00ab\u00a0Club Doroth\u00e9e\u00a0\u00bb aujourd\u2019hui \u00e2g\u00e9e de 71\u00a0ans.<\/p>\n<p>En janvier dernier, elle avait notamment r\u00e9uni plus de 4,4\u00a0millions de t\u00e9l\u00e9spectateurs sur TF1 \u00e0 l\u2019occasion de <a href=\"https:\/\/rennes.maville.com\/actu\/actudet_--l-idee-etait-touchante-alors-j-ai-craque-ce-vendredi-le-club-dorothee-revient-pour-un-soir-_54135-6648010_actu.Htm\" target=\"_self\" rel=\"noopener\">l\u2019\u00e9mission-hommage <\/a>  <a href=\"https:\/\/rennes.maville.com\/actu\/actudet_--l-idee-etait-touchante-alors-j-ai-craque-ce-vendredi-le-club-dorothee-revient-pour-un-soir-_54135-6648010_actu.Htm\" target=\"_self\" rel=\"noopener\">Merci Doroth\u00e9e<\/a> .<\/p>\n<p>\u00ab\u00a0Un nouveau chapitre de son histoire sc\u00e9nique\u00a0\u00bb<\/p>\n<p><strong>\u00ab\u00a0Entour\u00e9e de ses musiciens et de ses danseurs, Doroth\u00e9e \u00e9crira un nouveau chapitre de son histoire sc\u00e9nique et musicale dans cette salle mythique du Palais des Congr\u00e8s et proposera un concert exceptionnel centr\u00e9 autour de ses plus grands tubes, mais aussi de surprises et de beaucoup d\u2019\u00e9motion\u00a0\u00bb<\/strong>, indiquent ses producteurs, le groupe JLA et Alexandre Serin Productions.<\/p>\n<p>\u00a0<\/p>\n","protected":false},"excerpt":{"rendered":"Seize ans apr\u00e8s ses derniers concerts, Doroth\u00e9e, chanteuse pour enfants de 1977 \u00e0 1997 et ex-animatrice du \u00ab\u00a0Club&hellip;\n","protected":false},"author":2,"featured_media":169075,"comment_status":"","ping_status":"","sticky":false,"template":"","format":"standard","meta":{"footnotes":""},"categories":[1888],"tags":[5734,11,3270,10809,1697,4394,5550,1777,674,1011,27,12,12823,626,25,8133,7347],"class_list":{"0":"post-169448","1":"post","2":"type-post","3":"status-publish","4":"format-standard","5":"has-post-thumbnail","7":"category-paris","8":"tag-5734","9":"tag-actualites","10":"tag-avril","11":"tag-brignoles","12":"tag-concert","13":"tag-congres","14":"tag-dorothee","15":"tag-eu","16":"tag-europe","17":"tag-fr","18":"tag-france","19":"tag-news","20":"tag-palais","21":"tag-paris","22":"tag-republique-francaise","23":"tag-retour","24":"tag-scene"},"share_on_mastodon":{"url":"https:\/\/pubeurope.com\/@fr\/114667416728637602","error":""},"_links":{"self":[{"href":"https:\/\/www.europesays.com\/fr\/wp-json\/wp\/v2\/posts\/169448","targetHints":{"allow":["GET"]}}],"collection":[{"href":"https:\/\/www.europesays.com\/fr\/wp-json\/wp\/v2\/posts"}],"about":[{"href":"https:\/\/www.europesays.com\/fr\/wp-json\/wp\/v2\/types\/post"}],"author":[{"embeddable":true,"href":"https:\/\/www.europesays.com\/fr\/wp-json\/wp\/v2\/users\/2"}],"replies":[{"embeddable":true,"href":"https:\/\/www.europesays.com\/fr\/wp-json\/wp\/v2\/comments?post=169448"}],"version-history":[{"count":0,"href":"https:\/\/www.europesays.com\/fr\/wp-json\/wp\/v2\/posts\/169448\/revisions"}],"wp:featuredmedia":[{"embeddable":true,"href":"https:\/\/www.europesays.com\/fr\/wp-json\/wp\/v2\/media\/169075"}],"wp:attachment":[{"href":"https:\/\/www.europesays.com\/fr\/wp-json\/wp\/v2\/media?parent=169448"}],"wp:term":[{"taxonomy":"category","embeddable":true,"href":"https:\/\/www.europesays.com\/fr\/wp-json\/wp\/v2\/categories?post=169448"},{"taxonomy":"post_tag","embeddable":true,"href":"https:\/\/www.europesays.com\/fr\/wp-json\/wp\/v2\/tags?post=169448"}],"curies":[{"name":"wp","href":"https:\/\/api.w.org\/{rel}","templated":true}]}}