{"id":169449,"date":"2025-06-11T23:51:18","date_gmt":"2025-06-11T23:51:18","guid":{"rendered":"https:\/\/www.europesays.com\/fr\/169449\/"},"modified":"2025-06-11T23:51:18","modified_gmt":"2025-06-11T23:51:18","slug":"paris-et-berlin-veulent-une-chaine-de-television-europeenne","status":"publish","type":"post","link":"https:\/\/www.europesays.com\/fr\/169449\/","title":{"rendered":"Paris et Berlin veulent une cha\u00eene de t\u00e9l\u00e9vision europ\u00e9enne"},"content":{"rendered":"<p class=\"fig-paragraph\">L&rsquo;<a href=\"http:\/\/www.lefigaro.fr\/international\/en-allemagne-l-illusion-du-cloud-souverain-europeen-d-amazon-20250608\" target=\"_blank\" data-fig-type=\"Article\" rel=\"noopener\" data-gtm-custom-categorie=\"navigation\" data-gtm-custom-action=\"crossclick\" data-gtm-custom-label=\"Contextuel\" data-gtm-event=\"customEventSPE\" data-fig-domain=\"LEFIGARO\">Allemagne<\/a>\u00a0et la France souhaitent faire de la cha\u00eene de t\u00e9l\u00e9vision\u00a0<a href=\"http:\/\/tvmag.lefigaro.fr\/programme-tv\/series\/sous-controle-lea-drucker-une-tornade-au-quai-d-orsay-20250522\" target=\"_blank\" data-fig-type=\"Article\" rel=\"noopener\" data-gtm-custom-categorie=\"navigation\" data-gtm-custom-action=\"crossclick\" data-gtm-custom-label=\"Contextuel\" data-gtm-event=\"customEventSPE\" data-fig-domain=\"TVMAG\">Arte<\/a>\u00a0une grande plateforme europ\u00e9enne afin de mieux contrer la diffusion de la d\u00e9sinformation, a d\u00e9clar\u00e9 mercredi le ministre allemand de la Culture.<\/p>\n<p class=\"fig-paragraph\">Les efforts d\u00e9ploy\u00e9s par la Russie et la Chine pour diffuser de la\u00a0<a href=\"http:\/\/www.lefigaro.fr\/medias\/les-medias-ne-peuvent-nier-les-faits-scientifiques-trois-senateurs-en-guerre-contre-la-desinformation-climatique-20250519\" target=\"_blank\" data-fig-type=\"NewsFlash\" rel=\"noopener\" data-gtm-custom-categorie=\"navigation\" data-gtm-custom-action=\"crossclick\" data-gtm-custom-label=\"Contextuel\" data-gtm-event=\"customEventSPE\" data-fig-domain=\"LEFIGARO\">d\u00e9sinformation<\/a>, combin\u00e9s aux mesures prises par l&rsquo;administration am\u00e9ricaine pour r\u00e9duire les m\u00e9dias internationaux financ\u00e9s par les gouvernements, signifient que l&rsquo;Europe doit \u00abfaire entendre plus fort sa voix libre dans le monde\u00bb, a d\u00e9clar\u00e9 le ministre allemand de la culture, Wolfram Weimer.<\/p>\n<p>Diffusion en continu<\/p>\n<p class=\"fig-paragraph\">Lors d&rsquo;une r\u00e9union des ministres europ\u00e9ens de la Culture qui s&rsquo;est tenue \u00e0 Paris mercredi, la ministre fran\u00e7aise de la Culture, Rachida Dati, a d\u00e9clar\u00e9 que la plateforme pourrait contribuer \u00e0 contrer l&rsquo;influence \u00e9trang\u00e8re et les tendances populistes. Arte, cha\u00eene en langues fran\u00e7aise et allemande financ\u00e9e par des fonds publics, est connue pour sa couverture des \u00e9v\u00e9nements culturels et sa production de fictions de haut niveau.<\/p>\n<p class=\"fig-paragraph\">L&rsquo;objectif \u00e0 long terme est d&rsquo;en faire un service de diffusion en continu dans de nombreuses langues qui touche de nouveaux publics, avec des offres allant de l&rsquo;information aux films et aux s\u00e9ries, selon les dirigeants d&rsquo;Arte. L&rsquo;id\u00e9e d&rsquo;\u00e9tendre la cha\u00eene est \u00e9voqu\u00e9e depuis un certain temps, et le pr\u00e9sident fran\u00e7ais\u00a0<a href=\"http:\/\/www.lefigaro.fr\/secteur\/high-tech\/reseaux-sociaux-est-il-vraiment-possible-d-interdire-l-acces-aux-moins-de-15-ans-comme-le-souhaite-emmanuel-macron-20250611\" target=\"_blank\" data-fig-type=\"Article\" rel=\"noopener\" data-gtm-custom-categorie=\"navigation\" data-gtm-custom-action=\"crossclick\" data-gtm-custom-label=\"Contextuel\" data-gtm-event=\"customEventSPE\" data-fig-domain=\"LEFIGARO\">Emmanuel Macron<\/a>\u00a0l&rsquo;a soutenue lors d&rsquo;une visite d&rsquo;\u00c9tat en Allemagne l&rsquo;ann\u00e9e derni\u00e8re.<\/p>\n","protected":false},"excerpt":{"rendered":"L&rsquo;Allemagne\u00a0et la France souhaitent faire de la cha\u00eene de t\u00e9l\u00e9vision\u00a0Arte\u00a0une grande plateforme europ\u00e9enne afin de mieux contrer la&hellip;\n","protected":false},"author":2,"featured_media":169450,"comment_status":"","ping_status":"","sticky":false,"template":"","format":"standard","meta":{"footnotes":""},"categories":[1888],"tags":[1111,47,11,1117,1109,1112,636,341,257,1777,674,632,1108,107,1106,1107,1119,1011,27,1116,1110,1114,500,12,1113,626,1118,25,137,401,1115,252],"class_list":{"0":"post-169449","1":"post","2":"type-post","3":"status-publish","4":"format-standard","5":"has-post-thumbnail","7":"category-paris","8":"tag-actu","9":"tag-actualite","10":"tag-actualites","11":"tag-assurance","12":"tag-breves","13":"tag-depeches","14":"tag-devises","15":"tag-emploi","16":"tag-entreprise","17":"tag-eu","18":"tag-europe","19":"tag-fcp","20":"tag-fil","21":"tag-fil-info","22":"tag-flash","23":"tag-flash-actu","24":"tag-formation","25":"tag-fr","26":"tag-france","27":"tag-immobilier","28":"tag-informations","29":"tag-infos","30":"tag-medias","31":"tag-news","32":"tag-nouvelles","33":"tag-paris","34":"tag-placement","35":"tag-republique-francaise","36":"tag-retraite","37":"tag-sicav","38":"tag-taux","39":"tag-television"},"share_on_mastodon":{"url":"https:\/\/pubeurope.com\/@fr\/114667420765171344","error":""},"_links":{"self":[{"href":"https:\/\/www.europesays.com\/fr\/wp-json\/wp\/v2\/posts\/169449","targetHints":{"allow":["GET"]}}],"collection":[{"href":"https:\/\/www.europesays.com\/fr\/wp-json\/wp\/v2\/posts"}],"about":[{"href":"https:\/\/www.europesays.com\/fr\/wp-json\/wp\/v2\/types\/post"}],"author":[{"embeddable":true,"href":"https:\/\/www.europesays.com\/fr\/wp-json\/wp\/v2\/users\/2"}],"replies":[{"embeddable":true,"href":"https:\/\/www.europesays.com\/fr\/wp-json\/wp\/v2\/comments?post=169449"}],"version-history":[{"count":0,"href":"https:\/\/www.europesays.com\/fr\/wp-json\/wp\/v2\/posts\/169449\/revisions"}],"wp:featuredmedia":[{"embeddable":true,"href":"https:\/\/www.europesays.com\/fr\/wp-json\/wp\/v2\/media\/169450"}],"wp:attachment":[{"href":"https:\/\/www.europesays.com\/fr\/wp-json\/wp\/v2\/media?parent=169449"}],"wp:term":[{"taxonomy":"category","embeddable":true,"href":"https:\/\/www.europesays.com\/fr\/wp-json\/wp\/v2\/categories?post=169449"},{"taxonomy":"post_tag","embeddable":true,"href":"https:\/\/www.europesays.com\/fr\/wp-json\/wp\/v2\/tags?post=169449"}],"curies":[{"name":"wp","href":"https:\/\/api.w.org\/{rel}","templated":true}]}}