{"id":169459,"date":"2025-06-11T23:56:09","date_gmt":"2025-06-11T23:56:09","guid":{"rendered":"https:\/\/www.europesays.com\/fr\/169459\/"},"modified":"2025-06-11T23:56:09","modified_gmt":"2025-06-11T23:56:09","slug":"lina-magull-se-confie-sur-sa-depression-international-f-allemagne","status":"publish","type":"post","link":"https:\/\/www.europesays.com\/fr\/169459\/","title":{"rendered":"Lina Magull se confie sur sa d\u00e9pression &#8211; International (F) &#8211; Allemagne"},"content":{"rendered":"<p>L\u2019herbe n\u2019est pas toujours plus verte ailleurs.<\/p>\n<p>Partie du Bayern \u00e0 l\u2019hiver 2024 pour l\u2019Inter, <strong>Lina Magull est revenue sur la d\u00e9pression qui l\u2019a touch\u00e9 l\u2019ann\u00e9e derni\u00e8re<\/strong> lorsqu\u2019elle \u00e9voluait encore chez le champion d\u2019Allemagne et apr\u00e8s son d\u00e9part en Italie dans le dernier \u00e9pisode du podcast <a target=\"_blank\" href=\"https:\/\/wiegehtspodcast.podigee.io\/8-wie-gehts-lina-magull\" rel=\"nofollow noopener\">Wie geht\u2019s Lina Magull ?<\/a><\/p>\n<p>L\u2019\u00e9limination au Mondial 2023 comme d\u00e9clencheur<\/p>\n<p>L\u2019ancienne tauli\u00e8re du milieu de la Frauenteam <strong>est longuement revenue sur les pr\u00e9mices de son d\u00e9clin mental<\/strong> et explique que l\u2019\u00e9limination pr\u00e9coce de l\u2019Allemagne lors de la Coupe du monde 2023 d\u00e8s les phases de poules, est en grande partie le d\u00e9clencheur de sa d\u00e9pression conjugu\u00e9 \u00e0 des probl\u00e8mes personnels. Apr\u00e8s avoir r\u00e9sili\u00e9 son contrat au Bayern \u00e0 l\u2019hiver 2024, \u00abJ\u2019\u00e9tais totalement d\u00e9sorient\u00e9e et je ne savais pas quoi faire de moi-m\u00eame\u202f\u00bb, a-t-elle expliqu\u00e9 \u00e0 Robin Gosens l\u2019h\u00f4te du podcast, l\u2019ancienne capitaine des Bavaroises s\u2019est engag\u00e9e avec l\u2019Inter mais son \u00e9tat s\u2019est empir\u00e9. \u00ab\u202fJ\u2019ai fui Munich, mais au bout de quelques semaines, elle m\u2019a terriblement manqu\u00e9. J\u2019ai cru que j\u2019avais tout perdu [\u2026] J\u2019ai commenc\u00e9 \u00e0 transpirer, \u00e0 avoir des crises de panique. C\u2019est \u00e0 ce moment-l\u00e0 que je me suis dit : \u00ab\u00a0Qu\u2019est-ce qui ne va pas chez moi ?\u00a0\u00bb \u00bb.\u00a0<\/p>\n<p>Alors que l\u2019Allemagne disputait les Jeux olympiques de Paris, <strong>Magull a d\u00e9cid\u00e9 de suivre un traitement dans une clinique pendant six semaines<\/strong> avant de retourner en Italie : \u00ab\u202fJe savais que je devais le faire parce que mes pens\u00e9es \u00e9taient devenues tellement incontr\u00f4lables que je ne voyais plus aucun sens \u00e0 la vie\u202f\u00bb. Aujourd\u2019hui elle l\u2019assure tout va bien. En mars 2025, la milieu de terrain aux 77 capes a annonc\u00e9 prendre sa retraite internationale afin de se \u00ab\u202fconcentrer encore plus sur le football en club et d\u2019avoir plus de temps pour faire d\u2019autres choses\u202f\u00bb.\u00a0La suite ? Magull devrait rejouer \u00e0 l\u2019Inter une saison de plus et retrouver la Ligue des champions avec les Nerazzure, m\u00eame si son plus beau combat elle l\u2019affirme a \u00e9t\u00e9 \u00ab\u00a0d\u2019\u00eatre all\u00e9e dans cette clinique priv\u00e9e, mais surtout d\u2019en \u00eatre sortie\u202f\u00bb.<\/p>\n<p>\t\t\t\t\t\t\t\t\t\t<a class=\"lien-connexe\" href=\"https:\/\/www.sofoot.com\/breves\/ligue-1-daniel-congres-dement-avoir-voulu-se-suicider\" rel=\"nofollow noopener\" target=\"_blank\">Daniel Congr\u00e9 donne sa version des faits apr\u00e8s son hospitalisation<\/a>\t\t\t\t\t<\/p>\n","protected":false},"excerpt":{"rendered":"L\u2019herbe n\u2019est pas toujours plus verte ailleurs. Partie du Bayern \u00e0 l\u2019hiver 2024 pour l\u2019Inter, Lina Magull est&hellip;\n","protected":false},"author":2,"featured_media":169460,"comment_status":"","ping_status":"","sticky":false,"template":"","format":"standard","meta":{"footnotes":""},"categories":[1587],"tags":[47,11,61,672,69,1804,65,1805,1803,64,1777,674,63,1801,68,66,12,62,70,1802,67],"class_list":{"0":"post-169459","1":"post","2":"type-post","3":"status-publish","4":"format-standard","5":"has-post-thumbnail","7":"category-allemagne","8":"tag-actualite","9":"tag-actualites","10":"tag-actus-football","11":"tag-allemagne","12":"tag-bundesliga","13":"tag-bundesrepublik-deutschland","14":"tag-championnats-europeens","15":"tag-de","16":"tag-deutschland","17":"tag-equipe-de-france","18":"tag-eu","19":"tag-europe","20":"tag-football","21":"tag-germany","22":"tag-ligua","23":"tag-ligue-1","24":"tag-news","25":"tag-news-foot","26":"tag-premier-league","27":"tag-republique-federale-dallemagne","28":"tag-serie-a"},"share_on_mastodon":{"url":"https:\/\/pubeurope.com\/@fr\/114667440273736523","error":""},"_links":{"self":[{"href":"https:\/\/www.europesays.com\/fr\/wp-json\/wp\/v2\/posts\/169459","targetHints":{"allow":["GET"]}}],"collection":[{"href":"https:\/\/www.europesays.com\/fr\/wp-json\/wp\/v2\/posts"}],"about":[{"href":"https:\/\/www.europesays.com\/fr\/wp-json\/wp\/v2\/types\/post"}],"author":[{"embeddable":true,"href":"https:\/\/www.europesays.com\/fr\/wp-json\/wp\/v2\/users\/2"}],"replies":[{"embeddable":true,"href":"https:\/\/www.europesays.com\/fr\/wp-json\/wp\/v2\/comments?post=169459"}],"version-history":[{"count":0,"href":"https:\/\/www.europesays.com\/fr\/wp-json\/wp\/v2\/posts\/169459\/revisions"}],"wp:featuredmedia":[{"embeddable":true,"href":"https:\/\/www.europesays.com\/fr\/wp-json\/wp\/v2\/media\/169460"}],"wp:attachment":[{"href":"https:\/\/www.europesays.com\/fr\/wp-json\/wp\/v2\/media?parent=169459"}],"wp:term":[{"taxonomy":"category","embeddable":true,"href":"https:\/\/www.europesays.com\/fr\/wp-json\/wp\/v2\/categories?post=169459"},{"taxonomy":"post_tag","embeddable":true,"href":"https:\/\/www.europesays.com\/fr\/wp-json\/wp\/v2\/tags?post=169459"}],"curies":[{"name":"wp","href":"https:\/\/api.w.org\/{rel}","templated":true}]}}