{"id":169470,"date":"2025-06-12T00:02:09","date_gmt":"2025-06-12T00:02:09","guid":{"rendered":"https:\/\/www.europesays.com\/fr\/169470\/"},"modified":"2025-06-12T00:02:09","modified_gmt":"2025-06-12T00:02:09","slug":"le-minigolf-exterieur-ne-reviendra-pas-cet-ete","status":"publish","type":"post","link":"https:\/\/www.europesays.com\/fr\/169470\/","title":{"rendered":"Le minigolf ext\u00e9rieur ne reviendra pas cet \u00e9t\u00e9"},"content":{"rendered":"<p><strong>LOISIRS. Le minigolf ext\u00e9rieur am\u00e9nag\u00e9 sur le site de la patinoire Victor-P\u00e9pin, \u00e0 proximit\u00e9 de la biblioth\u00e8que publique de Drummondville, ne reviendra pas cet \u00e9t\u00e9.<\/strong><\/p>\n<p>C\u2019est ce que confirme la conseill\u00e8re en relations publiques de la Ville, Anne-\u00c9lisabeth Benjamin. \u00ab\u00c7a ne se voulait pas permanent. D\u00e8s l\u2019installation, on savait que \u00e7a avait une dur\u00e9e de vie d\u2019environ deux ans\u00bb, indique-t-elle, en pr\u00e9cisant que le mat\u00e9riel et le parcours \u00e9taient particuli\u00e8rement us\u00e9s.<\/p>\n<p>L\u2019initiative, offerte gratuitement \u00e0 la population drummondvilloise, a \u00e9t\u00e9 <a href=\"https:\/\/www.journalexpress.ca\/2022\/07\/08\/du-minigolf-exterieur-au-centre-ville-jusquen-septembre-drummondville\/\" target=\"_blank\" rel=\"noopener\">lanc\u00e9e \u00e0 l\u2019\u00e9t\u00e9 2022<\/a>. L\u2019ajout du minigolf en plein air avait pour but de dynamiser le secteur durant la saison estivale. Cette nouveaut\u00e9 a n\u00e9cessit\u00e9 des investissements de 77 000 $.<\/p>\n<p>Au fil des trois \u00e9t\u00e9s, l\u2019activit\u00e9 a particuli\u00e8rement \u00e9t\u00e9 populaire. Pas moins de 6345 joueurs ont pris part au minigolf l\u2019\u00e9t\u00e9 dernier, ce qui repr\u00e9sentait une augmentation compar\u00e9e \u00e0 l\u2019ann\u00e9e pr\u00e9c\u00e9dente.<\/p>\n<p>Anne-\u00c9lisabeth Benjamin fait savoir qu\u2019il n\u2019est pas actuellement dans les plans de reconduire le projet de minigolf. D\u2019autres initiatives \u00e9ph\u00e9m\u00e8res comme celle-ci sont dans les cartons, confirme-t-elle.<\/p>\n<p>Soulignons que la brochure d\u2019activit\u00e9s estivales sera distribu\u00e9e par la poste d\u00e8s la semaine prochaine. Une foule d\u2019activit\u00e9s pour tous est \u00e0 venir. Entre autres, les conteneurs culturels seront de retour, tout comme les spectacles \u00e0 la place Saint-Fr\u00e9d\u00e9ric.<\/p>\n","protected":false},"excerpt":{"rendered":"LOISIRS. Le minigolf ext\u00e9rieur am\u00e9nag\u00e9 sur le site de la patinoire Victor-P\u00e9pin, \u00e0 proximit\u00e9 de la biblioth\u00e8que publique&hellip;\n","protected":false},"author":2,"featured_media":169471,"comment_status":"","ping_status":"","sticky":false,"template":"","format":"standard","meta":{"footnotes":""},"categories":[1418],"tags":[574,6498,7801,6504,26445,6507,1011,27,1472,4662,26447,6510,7805,30370,30371,60,6514],"class_list":{"0":"post-169470","1":"post","2":"type-post","3":"status-publish","4":"format-standard","5":"has-post-thumbnail","7":"category-golf","8":"tag-canada","9":"tag-centre-du-quebec","10":"tag-drummond","11":"tag-drummondville","12":"tag-drummondvillois","13":"tag-express","14":"tag-fr","15":"tag-france","16":"tag-golf","17":"tag-journal","18":"tag-journal-express","19":"tag-journal-lexpress","20":"tag-lexpress","21":"tag-minigolf","22":"tag-mrc-de-drummond","23":"tag-sports","24":"tag-ville-de-drummondville"},"share_on_mastodon":{"url":"https:\/\/pubeurope.com\/@fr\/114667463917137270","error":""},"_links":{"self":[{"href":"https:\/\/www.europesays.com\/fr\/wp-json\/wp\/v2\/posts\/169470","targetHints":{"allow":["GET"]}}],"collection":[{"href":"https:\/\/www.europesays.com\/fr\/wp-json\/wp\/v2\/posts"}],"about":[{"href":"https:\/\/www.europesays.com\/fr\/wp-json\/wp\/v2\/types\/post"}],"author":[{"embeddable":true,"href":"https:\/\/www.europesays.com\/fr\/wp-json\/wp\/v2\/users\/2"}],"replies":[{"embeddable":true,"href":"https:\/\/www.europesays.com\/fr\/wp-json\/wp\/v2\/comments?post=169470"}],"version-history":[{"count":0,"href":"https:\/\/www.europesays.com\/fr\/wp-json\/wp\/v2\/posts\/169470\/revisions"}],"wp:featuredmedia":[{"embeddable":true,"href":"https:\/\/www.europesays.com\/fr\/wp-json\/wp\/v2\/media\/169471"}],"wp:attachment":[{"href":"https:\/\/www.europesays.com\/fr\/wp-json\/wp\/v2\/media?parent=169470"}],"wp:term":[{"taxonomy":"category","embeddable":true,"href":"https:\/\/www.europesays.com\/fr\/wp-json\/wp\/v2\/categories?post=169470"},{"taxonomy":"post_tag","embeddable":true,"href":"https:\/\/www.europesays.com\/fr\/wp-json\/wp\/v2\/tags?post=169470"}],"curies":[{"name":"wp","href":"https:\/\/api.w.org\/{rel}","templated":true}]}}