{"id":16949,"date":"2025-04-11T09:34:08","date_gmt":"2025-04-11T09:34:08","guid":{"rendered":"https:\/\/www.europesays.com\/fr\/16949\/"},"modified":"2025-04-11T09:34:08","modified_gmt":"2025-04-11T09:34:08","slug":"le-parquet-de-lyon-fait-appel-du-verdict-contre-lemployee-de-creche","status":"publish","type":"post","link":"https:\/\/www.europesays.com\/fr\/16949\/","title":{"rendered":"le parquet de Lyon fait appel du verdict contre l\u2019employ\u00e9e de cr\u00e8che"},"content":{"rendered":"<p>Le parquet de Lyon a annonc\u00e9 ce vendredi avoir fait appel du verdict rendu la semaine derni\u00e8re contre l\u2019employ\u00e9e de cr\u00e8che, condamn\u00e9e \u00e0 25 ans de prison alors qu\u2019elle encourait la perp\u00e9tuit\u00e9, pour avoir tu\u00e9 une petite fille de 11 mois en lui faisant ing\u00e9rer de la soude caustique.<\/p>\n<p class=\"fig-paragraph\">Il y aura un second proc\u00e8s contre Myriam J.. Le parquet de Lyon a annonc\u00e9 ce vendredi avoir fait appel du verdict rendu la semaine derni\u00e8re contre cette employ\u00e9e de cr\u00e8che, selon une information de l\u2019AFP confirm\u00e9e au Figaro. La jeune femme avait \u00e9t\u00e9 condamn\u00e9e \u00e0 25 ans de prison par la cour d\u2019assises de Lyon pour avoir empoisonn\u00e9 un b\u00e9b\u00e9 de 11 mois au sein de la cr\u00e8che Danton R\u00eave, exploit\u00e9e par<a href=\"http:\/\/www.lefigaro.fr\/societes\/derives-budgetaires-regulieres-penuries-comment-le-self-made-man-christophe-durieux-a-mene-les-creches-people-baby-au-bord-de-la-faillite-20241130\" data-fig-type=\"Article\" data-gtm-custom-categorie=\"navigation\" data-gtm-custom-action=\"crossclick\" data-gtm-custom-label=\"Contextuel\" data-gtm-event=\"customEventSPE\" data-fig-domain=\"LEFIGARO\" target=\"_blank\" rel=\"noopener\">\u00a0People &amp; Baby<\/a>, dans le 3e arrondissement.\u00a0<a href=\"http:\/\/www.lefigaro.fr\/lyon\/la-puericultrice-qui-avait-tue-un-bebe-de-11-mois-en-lui-faisant-boire-une-quantite-massive-de-destop-devant-les-assises-a-lyon-20250331\" data-fig-type=\"NewsFlash\" data-gtm-custom-categorie=\"navigation\" data-gtm-custom-action=\"crossclick\" data-gtm-custom-label=\"Contextuel\" data-gtm-event=\"customEventSPE\" data-fig-domain=\"LEFIGARO\" target=\"_blank\" rel=\"noopener\">Elle encourait la perp\u00e9tuit\u00e9 pour l\u2019avoir forc\u00e9 \u00e0 boire un produit caustique<\/a>\u00a0utilis\u00e9 comme d\u00e9boucheur de toilettes.<\/p>\n<p class=\"fig-paragraph\">Lisa \u00e9tait d\u00e9c\u00e9d\u00e9e quelques heures apr\u00e8s. Ses organes internes avaient \u00e9t\u00e9 d\u00e9truits par l\u2019acide. Rapidement transf\u00e9r\u00e9e \u00e0 l\u2019h\u00f4pital Femme M\u00e8re Enfant de Lyon, elle n\u2019avait pu \u00eatre sauv\u00e9e. Myriam J. avait menti aux secours, pr\u00e9textant une ingestion involontaire de gouache. \u00c0 l\u2019audience, elle avait fini par reconna\u00eetre avoir maintenu la t\u00eate de l\u2019enfant, pour lui faire avaler la soude.\u00a0<a href=\"http:\/\/www.lefigaro.fr\/actualite-france\/le-proces-de-l-employee-de-creche-accusee-d-avoir-tue-un-bebe-s-est-ouvert-a-lyon-20250401\" data-fig-type=\"NewsFlash\" data-gtm-custom-categorie=\"navigation\" data-gtm-custom-action=\"crossclick\" data-gtm-custom-label=\"Contextuel\" data-gtm-event=\"customEventSPE\" data-fig-domain=\"LEFIGARO\" target=\"_blank\" rel=\"noopener\">Elle avait n\u00e9anmoins ni\u00e9 l\u2019intention homicide<\/a>.<\/p>\n<p class=\"fig-body-link\">\n            \u00c0 lire aussi<br \/>\n        <a class=\"fig-body-link__link fig-premium-mark\" href=\"http:\/\/www.lefigaro.fr\/actualite-france\/le-terrible-recit-du-deces-de-lisa-11-mois-morte-apres-avoir-ete-forcee-a-ingerer-de-la-soude-caustique-a-la-creche-20250401\" data-fig-type=\"Article\" data-gtm-custom-categorie=\"navigation\" data-gtm-custom-action=\"crossclick\" data-gtm-custom-label=\"Contextuel\" data-gtm-event=\"customEventSPE\" data-fig-domain=\"LEFIGARO\" target=\"_blank\" rel=\"noopener\">Le terrible r\u00e9cit du d\u00e9c\u00e8s de Lisa, 11 mois, morte apr\u00e8s avoir \u00e9t\u00e9 forc\u00e9e d\u2019ing\u00e9rer de la soude caustique \u00e0 la cr\u00e8che<br \/>\n    <\/a>\n<\/p>\n<p>Les parents \u00abchoqu\u00e9s\u00bb par le jugement<\/p>\n<p class=\"fig-paragraph\">Myriam J., 30 ans, avait \u00e9t\u00e9 condamn\u00e9e pour \u00abtorture ou actes de barbarie ayant entra\u00een\u00e9 la mort sans intention de la donner\u00bb, mais les jur\u00e9s avaient \u00e9cart\u00e9 la qualification de meurtre, requise par l&rsquo;avocat g\u00e9n\u00e9ral et qui implique l&rsquo;intention de tuer. Dans ce cas, elle encourait la r\u00e9clusion criminelle \u00e0 perp\u00e9tuit\u00e9. \u00abLa famille avait exprim\u00e9 que ce verdict \u00e9tait une seconde mort pour leur enfant, le parquet g\u00e9n\u00e9ral a respect\u00e9 cette souffrance compl\u00e9mentaire inflig\u00e9e par la cour\u00bb en faisant appel, a r\u00e9agi aupr\u00e8s de l\u2019AFP Me Jean Sannier, avocat de l\u2019association Innocence en danger, partie civile au proc\u00e8s.<\/p>\n<p class=\"fig-paragraph\">La requalification est \u00abdifficilement compr\u00e9hensible pour les parents\u00bb, avait r\u00e9agi leur conseil Me Catherine Bourgade, \u00e0 l\u2019issue du proc\u00e8s. Ils sont \u00abchoqu\u00e9s\u00bb par un jugement qui \u00abrajoute de la douleur \u00e0 la douleur\u00bb, avait-elle ajout\u00e9. L\u2019appel du parquet g\u00e9n\u00e9ral \u00abne m\u2019\u00e9tonne pas\u00bb, a ajout\u00e9 Me Jean Sannier, en relevant que le parquet avait, \u00abpendant toute l\u2019instruction\u00bb puis lors du proc\u00e8s, estim\u00e9 qu\u2019il y avait eu \u00abintention\u00bb de donner la mort.<\/p>\n","protected":false},"excerpt":{"rendered":"Le parquet de Lyon a annonc\u00e9 ce vendredi avoir fait appel du verdict rendu la semaine derni\u00e8re contre&hellip;\n","protected":false},"author":2,"featured_media":16950,"comment_status":"","ping_status":"","sticky":false,"template":"","format":"standard","meta":{"footnotes":""},"categories":[1889],"tags":[1111,11,5273,2430,5299,5272,5312,5296,5285,1777,674,5293,1011,27,5303,5311,3492,5301,5279,5275,5313,5276,5300,5302,5280,5298,5281,5306,5305,5308,5309,5284,5294,5297,5269,5271,5268,5270,5267,2428,5295,5307,777,5277,5304,5283,12,978,5274,25,2431,5314,5288,5292,5289,5291,5290,5315,5282,5286,5310,5287,5278],"class_list":{"0":"post-16949","1":"post","2":"type-post","3":"status-publish","4":"format-standard","5":"has-post-thumbnail","7":"category-lyon","8":"tag-actu","9":"tag-actualites","10":"tag-ainay","11":"tag-auvergne-rhone-alpes","12":"tag-bellecombe","13":"tag-bellecour","14":"tag-champvert-nord","15":"tag-champvert-sud","16":"tag-clos-jouve","17":"tag-eu","18":"tag-europe","19":"tag-fourviere","20":"tag-fr","21":"tag-france","22":"tag-gerland","23":"tag-gorge-de-loup","24":"tag-infanticide","25":"tag-jean-mace","26":"tag-la-buire","27":"tag-la-confluence","28":"tag-la-duchere","29":"tag-la-guillotiere-nord-prefecture","30":"tag-la-guillotiere-sud","31":"tag-la-mouche","32":"tag-la-part-dieu","33":"tag-la-tete-dor","34":"tag-la-villette","35":"tag-laennec","36":"tag-le-bachut","37":"tag-le-grand-trou","38":"tag-le-moulin-a-vent","39":"tag-le-plateau-de-la-croix-rousse","40":"tag-le-point-du-jour","41":"tag-les-brotteaux","42":"tag-les-chartreux","43":"tag-les-cordeliers","44":"tag-les-pentes-de-la-croix-rousse","45":"tag-les-terreaux","46":"tag-les-traboules","47":"tag-lyon","48":"tag-menival","49":"tag-mermoz","50":"tag-meurtre","51":"tag-moncey","52":"tag-monplaisir","53":"tag-montchat","54":"tag-news","55":"tag-olympique-lyonnais","56":"tag-perrache","57":"tag-republique-francaise","58":"tag-rhone-alpes","59":"tag-rochecardon-industrie","60":"tag-saint-georges","61":"tag-saint-irenee","62":"tag-saint-jean","63":"tag-saint-just","64":"tag-saint-paul","65":"tag-saint-rambert-lile-barbe","66":"tag-sans-souci-dauphine","67":"tag-serin-saint-charles","68":"tag-vaise","69":"tag-vieux-lyon","70":"tag-voltaire"},"share_on_mastodon":{"url":"","error":"Validation failed: Text character limit of 500 exceeded"},"_links":{"self":[{"href":"https:\/\/www.europesays.com\/fr\/wp-json\/wp\/v2\/posts\/16949","targetHints":{"allow":["GET"]}}],"collection":[{"href":"https:\/\/www.europesays.com\/fr\/wp-json\/wp\/v2\/posts"}],"about":[{"href":"https:\/\/www.europesays.com\/fr\/wp-json\/wp\/v2\/types\/post"}],"author":[{"embeddable":true,"href":"https:\/\/www.europesays.com\/fr\/wp-json\/wp\/v2\/users\/2"}],"replies":[{"embeddable":true,"href":"https:\/\/www.europesays.com\/fr\/wp-json\/wp\/v2\/comments?post=16949"}],"version-history":[{"count":0,"href":"https:\/\/www.europesays.com\/fr\/wp-json\/wp\/v2\/posts\/16949\/revisions"}],"wp:featuredmedia":[{"embeddable":true,"href":"https:\/\/www.europesays.com\/fr\/wp-json\/wp\/v2\/media\/16950"}],"wp:attachment":[{"href":"https:\/\/www.europesays.com\/fr\/wp-json\/wp\/v2\/media?parent=16949"}],"wp:term":[{"taxonomy":"category","embeddable":true,"href":"https:\/\/www.europesays.com\/fr\/wp-json\/wp\/v2\/categories?post=16949"},{"taxonomy":"post_tag","embeddable":true,"href":"https:\/\/www.europesays.com\/fr\/wp-json\/wp\/v2\/tags?post=16949"}],"curies":[{"name":"wp","href":"https:\/\/api.w.org\/{rel}","templated":true}]}}