{"id":169496,"date":"2025-06-12T00:15:13","date_gmt":"2025-06-12T00:15:13","guid":{"rendered":"https:\/\/www.europesays.com\/fr\/169496\/"},"modified":"2025-06-12T00:15:13","modified_gmt":"2025-06-12T00:15:13","slug":"julien-clerc-revele-le-secret-de-sa-jeunesse-eternelle-a-florent-pagny","status":"publish","type":"post","link":"https:\/\/www.europesays.com\/fr\/169496\/","title":{"rendered":"Julien Clerc r\u00e9v\u00e8le le secret de sa \u00ab jeunesse \u00e9ternelle \u00bb \u00e0 Florent Pagny"},"content":{"rendered":"<p>Pour le plus grand bonheur de ses fans, Julien Clerc revient sur le devant de la sc\u00e8ne avec son 28e album studio, Une vie. Et ce n&rsquo;est pas seulement son talent intact qui impressionne\u00a0: sa long\u00e9vit\u00e9 fascine tout autant.<\/p>\n<p>\u00c0 77\u00a0ans, Julien Clerc affiche une forme \u00e9clatante qui fait l&rsquo;admiration de ses amis comme du public. Certains en viennent m\u00eame \u00e0 se demander\u00a0: a-t-il un secret pour cette jeunesse \u00e9ternelle\u00a0? Une recette miracle que les ann\u00e9es auraient oubli\u00e9e sur lui\u00a0?<\/p>\n<p>\u00c0 LIRE AUSSI <strong class=\"strong\"><a href=\"https:\/\/www.lepoint.fr\/culture\/julien-clerc-vivre-sur-mon-passe-ne-me-suffit-pas-23-05-2025-2590321_3.php\" rel=\"nofollow noopener\" target=\"_blank\" data-ylk=\"slk:Julien Clerc\u00a0: \u00ab\u00a0Vivre sur mon pass\u00e9 ne me suffit pas\u00a0\u00bb;elm:context_link;itc:0;sec:content-canvas\" class=\"link \">Julien Clerc\u00a0: \u00ab\u00a0Vivre sur mon pass\u00e9 ne me suffit pas\u00a0\u00bb<\/a><\/strong> C&rsquo;est la question que lui a directement pos\u00e9e Florent Pagny dans 20h30 le dimanche sur France 2. L&rsquo;\u00e9mission \u00e9tait consacr\u00e9e, ce dimanche 8\u00a0juin, au chanteur de \u00ab\u00a0Ma pr\u00e9f\u00e9rence\u00a0\u00bb.<\/p>\n<p>De tr\u00e8s bons g\u00e8nes<\/p>\n<p>\u00ab\u00a0Salut Julien\u00a0! \u00c9coute, depuis toujours, chaque fois que tu passes \u00e0 la t\u00e9l\u00e9, il y a forc\u00e9ment quelqu&rsquo;un pour dire\u00a0: \u201cC&rsquo;est fou, il ne vieillit pas, il ne fait pas son \u00e2ge.\u201d Et c&rsquo;est vrai que tu ne fais pas ton \u00e2ge\u2026 Mais alors, c&rsquo;est quoi ton secret\u00a0? Tu as un truc, une recette\u00a0?\u00a0\u00bb, lance l&rsquo;un des coachs de The Voice dans une <a class=\"link \" href=\"https:\/\/www.france.tv\/france-2\/20h30-le-dimanche\/7199792-emission-speciale-julien-clerc.html\" rel=\"nofollow noopener\" target=\"_blank\" data-ylk=\"slk:vid\u00e9o diffus\u00e9e;elm:context_link;itc:0;sec:content-canvas\">vid\u00e9o diffus\u00e9e<\/a> par Laurent Delahousse.<\/p>\n<p>Apr\u00e8s avoir plaisant\u00e9 sur un \u00e9ventuel pacte faustien que Julien Clerc aurait \u00ab\u00a0sign\u00e9 un jour\u00a0\u00bb, l&rsquo;interpr\u00e8te de \u00ab\u00a0Ma libert\u00e9 de penser\u00a0\u00bb ajoute avec un clin d&rsquo;\u0153il\u00a0: \u00ab\u00a0Ou alors, tu ne manges que des l\u00e9gumes\u00a0?\u00a0\u00bb Julien Clerc, hilare, rebondit\u00a0: \u00ab\u00a0Non, je ne mange pas que des l\u00e9gumes\u00a0!\u00a0\u00bb Avant de conc\u00e9der, plus s\u00e9rieusement\u00a0: \u00ab\u00a0Il faut faire un peu attention \u00e0 soi\u2026 parce qu&rsquo;o [&#8230;] <a href=\"https:\/\/www.lepoint.fr\/people\/julien-clerc-revele-le-secret-de-sa-jeunesse-eternelle-a-florent-pagny-11-06-2025-2591788_2116.php\" rel=\"nofollow noopener\" target=\"_blank\" data-ylk=\"slk:Lire la suite;elm:context_link;itc:0;sec:content-canvas\" class=\"link \">Lire la suite<\/a><\/p>\n","protected":false},"excerpt":{"rendered":"Pour le plus grand bonheur de ses fans, Julien Clerc revient sur le devant de la sc\u00e8ne avec&hellip;\n","protected":false},"author":2,"featured_media":169497,"comment_status":"","ping_status":"","sticky":false,"template":"","format":"standard","meta":{"footnotes":""},"categories":[1355],"tags":[58,59,1011,27,1735,1361,873],"class_list":{"0":"post-169496","1":"post","2":"type-post","3":"status-publish","4":"format-standard","5":"has-post-thumbnail","7":"category-musique","8":"tag-divertissement","9":"tag-entertainment","10":"tag-fr","11":"tag-france","12":"tag-julien-clerc","13":"tag-music","14":"tag-musique"},"share_on_mastodon":{"url":"https:\/\/pubeurope.com\/@fr\/114667515106478854","error":""},"_links":{"self":[{"href":"https:\/\/www.europesays.com\/fr\/wp-json\/wp\/v2\/posts\/169496","targetHints":{"allow":["GET"]}}],"collection":[{"href":"https:\/\/www.europesays.com\/fr\/wp-json\/wp\/v2\/posts"}],"about":[{"href":"https:\/\/www.europesays.com\/fr\/wp-json\/wp\/v2\/types\/post"}],"author":[{"embeddable":true,"href":"https:\/\/www.europesays.com\/fr\/wp-json\/wp\/v2\/users\/2"}],"replies":[{"embeddable":true,"href":"https:\/\/www.europesays.com\/fr\/wp-json\/wp\/v2\/comments?post=169496"}],"version-history":[{"count":0,"href":"https:\/\/www.europesays.com\/fr\/wp-json\/wp\/v2\/posts\/169496\/revisions"}],"wp:featuredmedia":[{"embeddable":true,"href":"https:\/\/www.europesays.com\/fr\/wp-json\/wp\/v2\/media\/169497"}],"wp:attachment":[{"href":"https:\/\/www.europesays.com\/fr\/wp-json\/wp\/v2\/media?parent=169496"}],"wp:term":[{"taxonomy":"category","embeddable":true,"href":"https:\/\/www.europesays.com\/fr\/wp-json\/wp\/v2\/categories?post=169496"},{"taxonomy":"post_tag","embeddable":true,"href":"https:\/\/www.europesays.com\/fr\/wp-json\/wp\/v2\/tags?post=169496"}],"curies":[{"name":"wp","href":"https:\/\/api.w.org\/{rel}","templated":true}]}}