{"id":169508,"date":"2025-06-12T00:22:10","date_gmt":"2025-06-12T00:22:10","guid":{"rendered":"https:\/\/www.europesays.com\/fr\/169508\/"},"modified":"2025-06-12T00:22:10","modified_gmt":"2025-06-12T00:22:10","slug":"gavin-newson-a-enfile-la-casquette-dopposant-n1-a-donald-trump-avec-cette-allocution-a-la-tele","status":"publish","type":"post","link":"https:\/\/www.europesays.com\/fr\/169508\/","title":{"rendered":"Gavin Newson a enfil\u00e9 la casquette d\u2019opposant n\u00b01 \u00e0 Donald Trump avec cette allocution \u00e0 la t\u00e9l\u00e9"},"content":{"rendered":"<p>        <img decoding=\"async\" loading=\"lazy\" src=\"https:\/\/www.europesays.com\/fr\/wp-content\/uploads\/2025\/06\/cf06269_upload-1-pn8wkfatyfpt-063-1304961759.jpg\"  width=\"728\" height=\"409\" alt=\"Gavin Newson a enfil\u00e9 la casquette d\u2019opposant n\u00a0\u00b01\u00a0\u00e0 Donald Trump dans une allocution, mardi 10\u00a0juin, \u00e0 la t\u00e9l\u00e9 am\u00e9ricaine. (Photo d\u2019illustration)\"\/>  <\/p>\n<p>JUSTIN SULLIVAN \/ Getty Images via AFP<\/p>\n<p>Gavin Newson a enfil\u00e9 la casquette d\u2019opposant n\u00a0\u00b01\u00a0\u00e0 Donald Trump dans une allocution, mardi 10\u00a0juin, \u00e0 la t\u00e9l\u00e9 am\u00e9ricaine. (Photo d\u2019illustration)<\/p>\n<p class=\"asset asset-text\">\u00c9TATS-UNIS &#8211; Un r\u00e9quisitoire contre le pr\u00e9sident am\u00e9ricain. Dans une \u00ab\u00a0allocution solennelle\u00a0\u00bb \u00e0 la t\u00e9l\u00e9vision, <a href=\"https:\/\/www.huffingtonpost.fr\/tech-futurs\/video\/ia-starwars-gavin-newsom-reprend-les-codes-de-trump-pour-mieux-le-moquer_251197.html\" target=\"_blank\" rel=\"noopener\">Gavin Newsom<\/a>, l\u2019influent gouverneur d\u00e9mocrate de Californie, est pass\u00e9 \u00e0 l\u2019offensive politique mardi 10\u00a0juin en alertant sur <a href=\"https:\/\/www.huffingtonpost.fr\/international\/article\/la-reponse-d-eva-longoria-face-a-la-repression-des-manifestations-a-los-angeles-n-est-pas-isolee-chez-les-stars_251191.html\" target=\"_blank\" rel=\"noopener\">l\u2019arrestation en masse d\u2019immigr\u00e9s<\/a> et l\u2019intervention de Donald Trump contre les manifestations \u00e0 Los Angeles.<\/p>\n<p class=\"asset asset-text\">\u00ab\u00a0L\u2019administration actuelle pousse \u00e0 des expulsions massives, ciblant aveugl\u00e9ment des familles immigr\u00e9es qui travaillent dur, sans tenir compte de leurs origines ou des risques qu\u2019elles courent\u00a0\u00bb, a fustig\u00e9 celui qui est cit\u00e9 parmi les favoris pour une candidature d\u00e9mocrate \u00e0 la prochaine pr\u00e9sidentielle.<\/p>\n<p class=\"asset asset-text\">Et de mettre en garde\u00a0: \u00ab\u00a0La Californie est peut-\u00eatre la premi\u00e8re, mais il est clair que cela ne s\u2019arr\u00eatera pas l\u00e0\u00a0\u00bb. <\/p>\n<p>    Interpellations \u00ab\u00a0sur la seule base de soup\u00e7ons ou de leur couleur de peau\u00a0\u00bb    <\/p>\n<p class=\"asset asset-text\">Gavin Newson s\u2019est d\u2019abord inqui\u00e9t\u00e9 des arrestations men\u00e9es par la police de l\u2019immigration, qu\u2019il accuse d\u2019avoir interpell\u00e9 une citoyenne am\u00e9ricaine enceinte et sa petite fille de quatre ans. \u00ab\u00a0Si certains d\u2019entre nous peuvent \u00eatre arrach\u00e9s \u00e0 la rue sans mandat, sur la seule base de soup\u00e7ons ou de leur couleur de peau, alors aucun d\u2019entre nous n\u2019est en s\u00e9curit\u00e9\u00a0\u00bb, a tonn\u00e9 l\u2019ambitieux d\u00e9mocrate.<\/p>\n<p class=\"asset asset-text\">\u00ab\u00a0Les r\u00e9gimes autoritaires commencent par cibler les personnes les moins \u00e0 m\u00eame de se d\u00e9fendre. Mais ils ne s\u2019arr\u00eateront pas l\u00e0\u00a0\u00bb, a lanc\u00e9 Gavin Newsom.<\/p>\n<p class=\"asset asset-text\">Dans son discours, Gavin Newsom estime \u00e9galement que le pr\u00e9sident r\u00e9publicain a largement outrepass\u00e9 son autorit\u00e9 en envoyant l\u2019arm\u00e9e face aux manifestants \u00e0 Los Angeles. Donald Trump, a-t-il ajout\u00e9, est un\u00a0\u00ab\u00a0pr\u00e9sident qui ne veut \u00eatre limit\u00e9 par aucune loi ou constitution, perp\u00e9tuant un assaut contre la tradition am\u00e9ricaine\u00a0\u00bb.<\/p>\n<p>    Newson accuse Trump de \u00ab\u00a0forcer\u00a0\u00bb l\u2019arm\u00e9e    <\/p>\n<p class=\"asset asset-text\">Le gouverneur a \u00e9num\u00e9r\u00e9 les mesures prises par Donald Trump depuis son retour \u00e0 la Maison Blanche, en janvier, des licenciements massifs dans les agences f\u00e9d\u00e9rales \u00e0 la menace de retrait des subventions pour les universit\u00e9s, en passant par l\u2019intimidation et le ciblage de plusieurs cabinets d\u2019avocats.<\/p>\n<p class=\"asset asset-text\">\u00ab\u00a0Il a d\u00e9clar\u00e9 une guerre \u00e0 la culture, \u00e0 l\u2019histoire, \u00e0 la science, au savoir lui-m\u00eame\u00a0\u00bb, a poursuivi le d\u00e9mocrate de 57 ans.<\/p>\n<p class=\"asset asset-text\">Il a aussi accus\u00e9 le milliardaire r\u00e9publicain de\u00a0\u00ab\u00a0forcer\u00a0\u00bb\u00a0l\u2019arm\u00e9e \u00e0\u00a0\u00ab\u00a0participer \u00e0 un spectacle vulgaire pour c\u00e9l\u00e9brer son anniversaire, comme l\u2019ont fait par le pass\u00e9 d\u2019autres dictateurs d\u00e9chus\u00a0\u00bb. Samedi, jour des 79 ans de Donald Trump, est organis\u00e9 \u00e0 Washington une parade militaire cens\u00e9e c\u00e9l\u00e9brer les 250 ans de la fondation de l\u2019arm\u00e9e de terre am\u00e9ricaine.<\/p>\n<p class=\"asset asset-text\">Face au manque de contre-pouvoir au pr\u00e9sident et \u00e0 un\u00a0\u00ab\u00a0Congr\u00e8s introuvable\u00a0\u00bb, Gavin Newsom a appel\u00e9 les Am\u00e9ricains \u00e0\u00a0\u00ab\u00a0se d\u00e9fendre et \u00e0 demander des comptes\u00a0\u00bb, tout en invitant les manifestants \u00e0 le faire de mani\u00e8re pacifique.<\/p>\n<p class=\"asset asset-text\">Un calme pr\u00e9caire a gagn\u00e9 Los Angeles apr\u00e8s cinq jours de manifestations contre la politique migratoire du pr\u00e9sident am\u00e9ricain, qui s\u2019\u00e9tendent aux Etats-Unis. A la Cit\u00e9 des Anges, la nuit de mardi \u00e0 mercredi s\u2019est pass\u00e9e sans accroc apr\u00e8s l\u2019entr\u00e9e en vigueur d\u2019un\u00a0couvre-feu\u00a0dans le centre-ville, m\u00eame si la police a proc\u00e9d\u00e9 \u00e0 une vingtaine d\u2019interpellations.<\/p>\n","protected":false},"excerpt":{"rendered":"JUSTIN SULLIVAN \/ Getty Images via AFP Gavin Newson a enfil\u00e9 la casquette d\u2019opposant n\u00a0\u00b01\u00a0\u00e0 Donald Trump dans&hellip;\n","protected":false},"author":2,"featured_media":169509,"comment_status":"","ping_status":"","sticky":false,"template":"","format":"standard","meta":{"footnotes":""},"categories":[5],"tags":[11,2139,75,73,1011,27,1061,14,6116,12,28],"class_list":{"0":"post-169508","1":"post","2":"type-post","3":"status-publish","4":"format-standard","5":"has-post-thumbnail","7":"category-international","8":"tag-actualites","9":"tag-californie","10":"tag-donald-trump","11":"tag-etats-unis","12":"tag-fr","13":"tag-france","14":"tag-immigration","15":"tag-international","16":"tag-los-angeles","17":"tag-news","18":"tag-world"},"share_on_mastodon":{"url":"https:\/\/pubeurope.com\/@fr\/114667542498917333","error":""},"_links":{"self":[{"href":"https:\/\/www.europesays.com\/fr\/wp-json\/wp\/v2\/posts\/169508","targetHints":{"allow":["GET"]}}],"collection":[{"href":"https:\/\/www.europesays.com\/fr\/wp-json\/wp\/v2\/posts"}],"about":[{"href":"https:\/\/www.europesays.com\/fr\/wp-json\/wp\/v2\/types\/post"}],"author":[{"embeddable":true,"href":"https:\/\/www.europesays.com\/fr\/wp-json\/wp\/v2\/users\/2"}],"replies":[{"embeddable":true,"href":"https:\/\/www.europesays.com\/fr\/wp-json\/wp\/v2\/comments?post=169508"}],"version-history":[{"count":0,"href":"https:\/\/www.europesays.com\/fr\/wp-json\/wp\/v2\/posts\/169508\/revisions"}],"wp:featuredmedia":[{"embeddable":true,"href":"https:\/\/www.europesays.com\/fr\/wp-json\/wp\/v2\/media\/169509"}],"wp:attachment":[{"href":"https:\/\/www.europesays.com\/fr\/wp-json\/wp\/v2\/media?parent=169508"}],"wp:term":[{"taxonomy":"category","embeddable":true,"href":"https:\/\/www.europesays.com\/fr\/wp-json\/wp\/v2\/categories?post=169508"},{"taxonomy":"post_tag","embeddable":true,"href":"https:\/\/www.europesays.com\/fr\/wp-json\/wp\/v2\/tags?post=169508"}],"curies":[{"name":"wp","href":"https:\/\/api.w.org\/{rel}","templated":true}]}}