{"id":169527,"date":"2025-06-12T00:32:11","date_gmt":"2025-06-12T00:32:11","guid":{"rendered":"https:\/\/www.europesays.com\/fr\/169527\/"},"modified":"2025-06-12T00:32:11","modified_gmt":"2025-06-12T00:32:11","slug":"moins-dun-an-apres-son-arrivee-joshua-moorby-quitte-montpellier","status":"publish","type":"post","link":"https:\/\/www.europesays.com\/fr\/169527\/","title":{"rendered":"moins d\u2019un an apr\u00e8s son arriv\u00e9e, Joshua Moorby quitte Montpellier"},"content":{"rendered":"<p>Alors qu\u2019il avait rejoint Montpelier la saison, derni\u00e8re, Joshua Moorby n\u2019\u00e9voluera plus dans l\u2019H\u00e9rault l\u2019ann\u00e9e prochaine.<\/p>\n<p class=\"fig-paragraph\">L&rsquo;arri\u00e8re ou ailier n\u00e9o-z\u00e9landais<a href=\"http:\/\/www.lefigaro.fr\/sports\/rugby\/top-14\/montpellier-ubb-moustin-et-le-mhr-debarquent-dans-le-top-6-bordeaux-et-jacobs-coulent-les-tops-et-les-flops-20250511\" data-fig-type=\"NewsFlash\" data-gtm-custom-categorie=\"navigation\" data-gtm-custom-action=\"crossclick\" data-gtm-custom-label=\"Contextuel\" data-gtm-event=\"customEventSPE\" data-fig-domain=\"LEFIGARO\" target=\"_blank\" rel=\"noopener\">\u00a0Joshua Moorby<\/a>\u00a0(26 ans) quitte Montpellier moins d&rsquo;un an apr\u00e8s son arriv\u00e9e, a fait savoir mardi le club h\u00e9raultais. Moorby avait rejoint le MHR lors de la pr\u00e9c\u00e9dente intersaison en provenance de la franchise des Hurricanes de Wellington et s&rsquo;\u00e9tait engag\u00e9 pour une dur\u00e9e de deux ans. Utilis\u00e9 au poste d&rsquo;arri\u00e8re ou d&rsquo;ailier, il a disput\u00e9 cette saison 16 rencontres toutes comp\u00e9titions confondues.<\/p>\n<p>Des pistes au poste d\u2019arri\u00e8re<\/p>\n<p class=\"fig-paragraph\">Pour faire face \u00e0 son d\u00e9part impromptu et \u00e0 celui de l&rsquo;ex-international Anthony Bouthier, qui s&rsquo;appr\u00eate \u00e0 repartir \u00e0 Vannes (Pro D2), le directeur du rugby Bernard Laporte \u00e9tudie diverses pistes pour recruter un ou deux sp\u00e9cialistes au poste d&rsquo;arri\u00e8re.<\/p>\n<p class=\"fig-paragraph\">Par ailleurs, l&rsquo;ancien international \u00e9cossais Stuart Hogg, op\u00e9r\u00e9 fin avril d&rsquo;une rupture du tendon d&rsquo;Achille, sera indisponible pour la reprise de la saison au mois de septembre. Montpellier a boucl\u00e9 samedi la saison \u00e0 la neuvi\u00e8me place du Top 14 apr\u00e8s une derni\u00e8re d\u00e9faite \u00e0 domicile devant Clermont.<\/p>\n","protected":false},"excerpt":{"rendered":"Alors qu\u2019il avait rejoint Montpelier la saison, derni\u00e8re, Joshua Moorby n\u2019\u00e9voluera plus dans l\u2019H\u00e9rault l\u2019ann\u00e9e prochaine. L&rsquo;arri\u00e8re ou&hellip;\n","protected":false},"author":2,"featured_media":169528,"comment_status":"","ping_status":"","sticky":false,"template":"","format":"standard","meta":{"footnotes":""},"categories":[9599],"tags":[1111,11,525,4590,1981,2313,814,1777,674,1011,27,955,14987,2208,12,2680,4589,2311,25,1980,479,2259,478,2310,2312],"class_list":{"0":"post-169527","1":"post","2":"type-post","3":"status-publish","4":"format-standard","5":"has-post-thumbnail","7":"category-montpellier","8":"tag-actu","9":"tag-actualites","10":"tag-calendrier","11":"tag-championnat-france","12":"tag-classement","13":"tag-clermont","14":"tag-direct","15":"tag-eu","16":"tag-europe","17":"tag-fr","18":"tag-france","19":"tag-match","20":"tag-mhr","21":"tag-montpellier","22":"tag-news","23":"tag-occitanie","24":"tag-phase-finale","25":"tag-racing","26":"tag-republique-francaise","27":"tag-resultats","28":"tag-rugby","29":"tag-score","30":"tag-top-14","31":"tag-toulon","32":"tag-toulouse"},"share_on_mastodon":{"url":"https:\/\/pubeurope.com\/@fr\/114667581814063785","error":""},"_links":{"self":[{"href":"https:\/\/www.europesays.com\/fr\/wp-json\/wp\/v2\/posts\/169527","targetHints":{"allow":["GET"]}}],"collection":[{"href":"https:\/\/www.europesays.com\/fr\/wp-json\/wp\/v2\/posts"}],"about":[{"href":"https:\/\/www.europesays.com\/fr\/wp-json\/wp\/v2\/types\/post"}],"author":[{"embeddable":true,"href":"https:\/\/www.europesays.com\/fr\/wp-json\/wp\/v2\/users\/2"}],"replies":[{"embeddable":true,"href":"https:\/\/www.europesays.com\/fr\/wp-json\/wp\/v2\/comments?post=169527"}],"version-history":[{"count":0,"href":"https:\/\/www.europesays.com\/fr\/wp-json\/wp\/v2\/posts\/169527\/revisions"}],"wp:featuredmedia":[{"embeddable":true,"href":"https:\/\/www.europesays.com\/fr\/wp-json\/wp\/v2\/media\/169528"}],"wp:attachment":[{"href":"https:\/\/www.europesays.com\/fr\/wp-json\/wp\/v2\/media?parent=169527"}],"wp:term":[{"taxonomy":"category","embeddable":true,"href":"https:\/\/www.europesays.com\/fr\/wp-json\/wp\/v2\/categories?post=169527"},{"taxonomy":"post_tag","embeddable":true,"href":"https:\/\/www.europesays.com\/fr\/wp-json\/wp\/v2\/tags?post=169527"}],"curies":[{"name":"wp","href":"https:\/\/api.w.org\/{rel}","templated":true}]}}