{"id":169532,"date":"2025-06-12T00:37:10","date_gmt":"2025-06-12T00:37:10","guid":{"rendered":"https:\/\/www.europesays.com\/fr\/169532\/"},"modified":"2025-06-12T00:37:10","modified_gmt":"2025-06-12T00:37:10","slug":"ces-rennais-ont-suivi-les-pas-du-general-de-la-fayette-aux-etats-unis","status":"publish","type":"post","link":"https:\/\/www.europesays.com\/fr\/169532\/","title":{"rendered":"Ces Rennais ont suivi les pas du g\u00e9n\u00e9ral de La Fayette aux \u00c9tats-Unis"},"content":{"rendered":"<p><a href=\"https:\/\/rennes.maville.com\/actu\/actudet_-presidentielle-americaine.-pour-ce-texan-installe-a-rennes-tout-dependra-de-la-participation-_52674-6536639_actu.Htm\" target=\"_blank\" rel=\"noopener\">Eric Beaty<\/a> et <a href=\"https:\/\/rennes.maville.com\/actu\/actudet_-rencontre.-son-metier-decrypter-l-histoire-de-rennes-a-travers-les-noms-de-rues_52674-3799200_actu.Htm\" target=\"_blank\" rel=\"noopener\">Jo\u00ebl David<\/a>, pr\u00e9sident et membre du <a href=\"https:\/\/rennes.maville.com\/info\/info-locale\/rennes-rochester-un-jumelage-historique-1610013\" target=\"_blank\" rel=\"noopener\">jumelage Rennes-Rochester<\/a> sont aux \u00c9tats-Unis pendant plusieurs jours sur les traces de celui qui est consid\u00e9r\u00e9 comme un h\u00e9ros de l\u2019histoire\u00a0: <a href=\"https:\/\/lignesdedefense.ouest-france.fr\/la-fayette-rever-la-gloire-ou-le-patriotisme-du-celebre-marquis\/\" target=\"_blank\" rel=\"noopener\">le g\u00e9n\u00e9ral de La Fayette<\/a>. Samedi 7\u00a0juin, les deux comit\u00e9s de jumelage \u00e0 Rennes et \u00e0 Rochester ont comm\u00e9mor\u00e9 le bicentenaire de la visite du Marquis de Lafayette.<\/p>\n<p><strong>Lire aussi\u00a0: <\/strong> <a href=\"https:\/\/granville.maville.com\/actu\/actudet_-a-la-recherche-de-photos-du-general-patton-a-rennes-en-1945-_10-6833968_actu.Htm\" target=\"_blank\" rel=\"noopener\">\u00c0 la recherche de photos du g\u00e9n\u00e9ral Patton \u00e0 Rennes en 1945<\/a><\/p>\n<p><strong>\u00ab\u00a0Il y a 200\u00a0ans, le 7\u00a0juin\u00a01825, le Marquis de Lafayette s\u2019arr\u00eate \u00e0 Rochester lors de sa grande tourn\u00e9e aux \u00c9tats-Unis, \u00e0 l\u2019invitation du pr\u00e9sident des \u00c9tats-Unis James Monroe pour la c\u00e9l\u00e9bration du cinquanti\u00e8me anniversaire de cette jeune nation<\/strong>, <a href=\"https:\/\/rennes.maville.com\/actu\/actudet_-presidentielle-americaine.-pour-ce-texan-installe-a-rennes-tout-dependra-de-la-participation-_52674-6536639_actu.Htm\" target=\"_blank\" rel=\"noopener\">rappelle Eric Beaty<\/a>. <strong>Le Marquis de Lafayette a combattu aux c\u00f4t\u00e9s de George Washington lors de la Guerre de l\u2019ind\u00e9pendance des d\u00e9cennies plus t\u00f4t, avant de rentrer en France et de tenter de diffuser les id\u00e9aux de libert\u00e9 am\u00e9ricaine pour lesquels il s\u2019\u00e9tait battu\u00a0\u00bb<\/strong>.<\/p>\n<p>\u00a0<\/p>\n","protected":false},"excerpt":{"rendered":"Eric Beaty et Jo\u00ebl David, pr\u00e9sident et membre du jumelage Rennes-Rochester sont aux \u00c9tats-Unis pendant plusieurs jours sur&hellip;\n","protected":false},"author":2,"featured_media":169533,"comment_status":"","ping_status":"","sticky":false,"template":"","format":"standard","meta":{"footnotes":""},"categories":[2821],"tags":[1111,11,829,73,1777,674,30374,1011,27,6556,12,3086,13658,584,25,9620],"class_list":{"0":"post-169532","1":"post","2":"type-post","3":"status-publish","4":"format-standard","5":"has-post-thumbnail","7":"category-rennes","8":"tag-actu","9":"tag-actualites","10":"tag-bretagne","11":"tag-etats-unis","12":"tag-eu","13":"tag-europe","14":"tag-fayette","15":"tag-fr","16":"tag-france","17":"tag-general","18":"tag-news","19":"tag-redon","20":"tag-rennais","21":"tag-rennes","22":"tag-republique-francaise","23":"tag-suivi"},"share_on_mastodon":{"url":"https:\/\/pubeurope.com\/@fr\/114667601452776244","error":""},"_links":{"self":[{"href":"https:\/\/www.europesays.com\/fr\/wp-json\/wp\/v2\/posts\/169532","targetHints":{"allow":["GET"]}}],"collection":[{"href":"https:\/\/www.europesays.com\/fr\/wp-json\/wp\/v2\/posts"}],"about":[{"href":"https:\/\/www.europesays.com\/fr\/wp-json\/wp\/v2\/types\/post"}],"author":[{"embeddable":true,"href":"https:\/\/www.europesays.com\/fr\/wp-json\/wp\/v2\/users\/2"}],"replies":[{"embeddable":true,"href":"https:\/\/www.europesays.com\/fr\/wp-json\/wp\/v2\/comments?post=169532"}],"version-history":[{"count":0,"href":"https:\/\/www.europesays.com\/fr\/wp-json\/wp\/v2\/posts\/169532\/revisions"}],"wp:featuredmedia":[{"embeddable":true,"href":"https:\/\/www.europesays.com\/fr\/wp-json\/wp\/v2\/media\/169533"}],"wp:attachment":[{"href":"https:\/\/www.europesays.com\/fr\/wp-json\/wp\/v2\/media?parent=169532"}],"wp:term":[{"taxonomy":"category","embeddable":true,"href":"https:\/\/www.europesays.com\/fr\/wp-json\/wp\/v2\/categories?post=169532"},{"taxonomy":"post_tag","embeddable":true,"href":"https:\/\/www.europesays.com\/fr\/wp-json\/wp\/v2\/tags?post=169532"}],"curies":[{"name":"wp","href":"https:\/\/api.w.org\/{rel}","templated":true}]}}