{"id":169535,"date":"2025-06-12T00:39:14","date_gmt":"2025-06-12T00:39:14","guid":{"rendered":"https:\/\/www.europesays.com\/fr\/169535\/"},"modified":"2025-06-12T00:39:14","modified_gmt":"2025-06-12T00:39:14","slug":"120-grands-hamsters-laches-dans-les-champs","status":"publish","type":"post","link":"https:\/\/www.europesays.com\/fr\/169535\/","title":{"rendered":"120 grands hamsters l\u00e2ch\u00e9s dans les champs"},"content":{"rendered":"<p>\u00ab\u00a0N\u2019aie pas peur, voil\u00e0 ta nouvelle maison\u00a0\u00bb tente de rassurer une jeune femme tandis qu\u2019elle ouvre la cage d\u2019un hamster d\u2019Alsace au milieu d\u2019un champ de bl\u00e9. Les moustaches vibrantes, le regard vif, l\u2019animal jette un dernier coup d\u2019\u0153il avant de dispara\u00eetre dans un terrier.<\/p>\n<p>Ce mercredi 11\u00a0juin \u00e0 9\u00a0h, 75 petites boules de poils blanc, noir et roux ont \u00e9t\u00e9 l\u00e2ch\u00e9es entre Oberschaeffolsheim et Ittenheim, apr\u00e8s les 45 premi\u00e8res qui ont \u00e9t\u00e9 lib\u00e9r\u00e9es la veille pr\u00e8s de Geispolsheim. Cette op\u00e9ration est r\u00e9alis\u00e9e par l\u2019entreprise Vinci Autoroutes. En tant que ma\u00eetre d\u2019ouvrage et exploitant du <a href=\"https:\/\/www.dna.fr\/p\/gco\" target=\"_blank\" rel=\"noopener\">GCO<\/a>, elle doit mettre en place certaines <a href=\"https:\/\/www.dna.fr\/environnement\/2022\/01\/31\/gco-les-mesures-de-compensation-toujours-insuffisantes-estime-l-autorite-environnementale\" target=\"_blank\" rel=\"noopener\">mesures compensatoires<\/a> , parmi lesquelles une participation au Plan national d\u2019action pour pr\u00e9server cette esp\u00e8ce en danger critique d\u2019extinction. <a href=\"https:\/\/www.dna.fr\/d\/gco-a355-7020302f-f6a9-484a-90bd-4cc07b1f063e\" target=\"_blank\" rel=\"noopener\">La construction de l\u2019autoroute<\/a> a en effet entra\u00een\u00e9 la disparition de&#8230;<\/p>\n","protected":false},"excerpt":{"rendered":"\u00ab\u00a0N\u2019aie pas peur, voil\u00e0 ta nouvelle maison\u00a0\u00bb tente de rassurer une jeune femme tandis qu\u2019elle ouvre la cage&hellip;\n","protected":false},"author":2,"featured_media":169536,"comment_status":"","ping_status":"","sticky":false,"template":"","format":"standard","meta":{"footnotes":""},"categories":[2820],"tags":[1111,11,2389,1867,2649,2880,436,1777,674,107,1011,27,775,12,21307,25,4604,104,640,3089],"class_list":{"0":"post-169535","1":"post","2":"type-post","3":"status-publish","4":"format-standard","5":"has-post-thumbnail","7":"category-strasbourg","8":"tag-actu","9":"tag-actualites","10":"tag-alsace","11":"tag-animaux","12":"tag-bas-rhin","13":"tag-edition-strasbourg","14":"tag-environnement","15":"tag-eu","16":"tag-europe","17":"tag-fil-info","18":"tag-fr","19":"tag-france","20":"tag-grand-est","21":"tag-news","22":"tag-oberschaeffolsheim","23":"tag-republique-francaise","24":"tag-selection-abonne","25":"tag-societe","26":"tag-strasbourg","27":"tag-strasbourg-sud"},"share_on_mastodon":{"url":"https:\/\/pubeurope.com\/@fr\/114667609356066123","error":""},"_links":{"self":[{"href":"https:\/\/www.europesays.com\/fr\/wp-json\/wp\/v2\/posts\/169535","targetHints":{"allow":["GET"]}}],"collection":[{"href":"https:\/\/www.europesays.com\/fr\/wp-json\/wp\/v2\/posts"}],"about":[{"href":"https:\/\/www.europesays.com\/fr\/wp-json\/wp\/v2\/types\/post"}],"author":[{"embeddable":true,"href":"https:\/\/www.europesays.com\/fr\/wp-json\/wp\/v2\/users\/2"}],"replies":[{"embeddable":true,"href":"https:\/\/www.europesays.com\/fr\/wp-json\/wp\/v2\/comments?post=169535"}],"version-history":[{"count":0,"href":"https:\/\/www.europesays.com\/fr\/wp-json\/wp\/v2\/posts\/169535\/revisions"}],"wp:featuredmedia":[{"embeddable":true,"href":"https:\/\/www.europesays.com\/fr\/wp-json\/wp\/v2\/media\/169536"}],"wp:attachment":[{"href":"https:\/\/www.europesays.com\/fr\/wp-json\/wp\/v2\/media?parent=169535"}],"wp:term":[{"taxonomy":"category","embeddable":true,"href":"https:\/\/www.europesays.com\/fr\/wp-json\/wp\/v2\/categories?post=169535"},{"taxonomy":"post_tag","embeddable":true,"href":"https:\/\/www.europesays.com\/fr\/wp-json\/wp\/v2\/tags?post=169535"}],"curies":[{"name":"wp","href":"https:\/\/api.w.org\/{rel}","templated":true}]}}