{"id":169543,"date":"2025-06-12T00:43:21","date_gmt":"2025-06-12T00:43:21","guid":{"rendered":"https:\/\/www.europesays.com\/fr\/169543\/"},"modified":"2025-06-12T00:43:21","modified_gmt":"2025-06-12T00:43:21","slug":"lhydrograaf-navire-musee-des-pays-bas-construit-en-1913-paradera-lors-de-debord-de-loire","status":"publish","type":"post","link":"https:\/\/www.europesays.com\/fr\/169543\/","title":{"rendered":"L\u2019Hydrograaf, navire mus\u00e9e des Pays-Bas construit en 1913, paradera lors de D\u00e9bord de Loire"},"content":{"rendered":"<p>\u00c0 l\u2019origine, le bateau \u00e0 vapeur \u00e9tait un navire scientifique, explorant les fonds marins pour dessiner les routes maritimes et permettre aux bateaux de naviguer sans danger. Cent quinze ans plus tard, L\u2019Hydrograaf, bateau construit \u00e0 Rotterdam pour la famille royale des Pays-Bas, parcourt les mers d\u2019Europe comme mus\u00e9e flottant, jolie vitrine du patrimoine maritime.<\/p>\n<p>\u00c0 Paimboeuf (Loire-Atlantique), o\u00f9 le bateau a accost\u00e9 quelques jours pour une escale technique, deux classes de CM1-CM2, soit 44\u00a0\u00e9l\u00e8ves de l\u2019\u00e9cole des Quatre-Amarres et une classe du Sacr\u00e9-C\u0153ur, ont eu le privil\u00e8ge de monter \u00e0 bord, mardi 10\u00a0juin.<\/p>\n<p>\t<img decoding=\"async\" src=\"https:\/\/www.europesays.com\/fr\/wp-content\/uploads\/2025\/06\/P35284387D6849011G_px_640_.jpg\" alt=\"photo les splendides salons du bateau qui a \u00e9t\u00e9 construit pour les recherches scientifiques mais aussi pour l\u2019agr\u00e9ment de la famille royale des pays-bas.  \u00a9  ouest-france\" width=\"640\" title=\" Les splendides salons du bateau qui a \u00e9t\u00e9 construit pour les recherches scientifiques mais aussi pour l\u2019agr\u00e9ment de la famille royale des Pays-bas.   Ouest-France \"\/><\/p>\n<p class=\"elmt-legende\"> Les splendides salons du bateau qui a \u00e9t\u00e9 construit pour les recherches scientifiques mais aussi pour l\u2019agr\u00e9ment de la famille royale des Pays-bas.   Ouest-France <\/p>\n<p>Les enfants, accueillis par le s\u00e9millant capitaine David Hui Berts et son \u00e9quipage, ont d\u00e9couvert comment au si\u00e8cle dernier, on mesurait la profondeur de l\u2019eau en jetant \u00e0 l\u2019eau une cordelette \u00e0 n\u0153uds lest\u00e9e par un plomb.\u00a0<\/p>\n<p>Des photos de la famille royale<\/p>\n<p>Le guide aux galons a fait faire une visite rapide de la cuisine, des classieux salon et bar orn\u00e9s de photos noir et blanc de la famille royale. Puis sur le pont, a fait sonner la cloche et la corne de brume, deux avertisseurs de danger en cas de brouillard.<\/p>\n<p>\t<img decoding=\"async\" src=\"https:\/\/www.europesays.com\/fr\/wp-content\/uploads\/2025\/06\/P35284388D6849011G_px_640_.jpg\" alt=\"photo l\u2019hydrograaf, dernier bateau \u00e0 vapeur de la marine royale des pays-bas. il a fait escale quelques jours \u00e0 paimboeuf avant de partir ce mercredi 11\u00a0juin \u00e0 saint-nazaire.  \u00a9  ouest-france\" width=\"640\" title=\" L\u2019Hydrograaf, dernier bateau \u00e0 vapeur de la marine royale des Pays-Bas. Il a fait escale quelques jours \u00e0 Paimboeuf avant de partir ce mercredi 11\u00a0juin \u00e0 Saint-Nazaire.   Ouest-France \"\/><\/p>\n<p class=\"elmt-legende\"> L\u2019Hydrograaf, dernier bateau \u00e0 vapeur de la marine royale des Pays-Bas. Il a fait escale quelques jours \u00e0 Paimboeuf avant de partir ce mercredi 11\u00a0juin \u00e0 Saint-Nazaire.   Ouest-France <\/p>\n<p>Les enfants ont \u00e9t\u00e9 surpris par un habit rouge suspendu. Celui de Saint-Nicolas, figure du P\u00e8re No\u00ebl d\u2019Europe du Nord, que L\u2019Hydrograaf re\u00e7oit chaque ann\u00e9e d\u00e9but d\u00e9cembre, pour qu\u2019il distribue ses cadeaux aux enfants. Un \u00e9v\u00e9nement dans le pays.<\/p>\n<p>C\u2019est en regardant la t\u00e9l\u00e9vision que petit, le capitaine a annonc\u00e9 qu\u2019il naviguerait sur L\u2019Hydrograaf. Il m\u00e8ne le bateau ce mercredi 11\u00a0juin \u00e0 Saint-Nazaire, d\u2019o\u00f9 il partira pour la grande parade nautique, samedi 14\u00a0juin, \u00e0 destination de Nantes.<\/p>\n<p><strong>Dimanche\u00a015 et lundi 16\u00a0juin,<\/strong> visites de L\u2019Hydrograaf \u00e0 Nantes, ponton des Chantiers. D\u00e9bord de Loire, \u00e0 Nantes et dans quinze autres villes jusqu\u2019au mardi 18\u00a0juin, programme complet sur <a href=\"https:\/\/www.deborddeloire.fr\/edition-2025\/#\" target=\"_blank\" rel=\"nofollow noopener\">www.debordeloire.fr<\/a><\/p>\n<p>\u00a0<\/p>\n","protected":false},"excerpt":{"rendered":"\u00c0 l\u2019origine, le bateau \u00e0 vapeur \u00e9tait un navire scientifique, explorant les fonds marins pour dessiner les routes&hellip;\n","protected":false},"author":2,"featured_media":169544,"comment_status":"","ping_status":"","sticky":false,"template":"","format":"standard","meta":{"footnotes":""},"categories":[2818],"tags":[30376,1111,11,4718,17881,1777,674,1011,27,30375,3367,7826,3048,766,11678,12,30377,2636,934,25],"class_list":{"0":"post-169543","1":"post","2":"type-post","3":"status-publish","4":"format-standard","5":"has-post-thumbnail","7":"category-nantes","8":"tag-30376","9":"tag-actu","10":"tag-actualites","11":"tag-construit","12":"tag-debord","13":"tag-eu","14":"tag-europe","15":"tag-fr","16":"tag-france","17":"tag-hydrograaf","18":"tag-loire","19":"tag-lors","20":"tag-musee","21":"tag-nantes","22":"tag-navire","23":"tag-news","24":"tag-paradera","25":"tag-pays-de-la-loire","26":"tag-pays-bas","27":"tag-republique-francaise"},"share_on_mastodon":{"url":"https:\/\/pubeurope.com\/@fr\/114667625122747326","error":""},"_links":{"self":[{"href":"https:\/\/www.europesays.com\/fr\/wp-json\/wp\/v2\/posts\/169543","targetHints":{"allow":["GET"]}}],"collection":[{"href":"https:\/\/www.europesays.com\/fr\/wp-json\/wp\/v2\/posts"}],"about":[{"href":"https:\/\/www.europesays.com\/fr\/wp-json\/wp\/v2\/types\/post"}],"author":[{"embeddable":true,"href":"https:\/\/www.europesays.com\/fr\/wp-json\/wp\/v2\/users\/2"}],"replies":[{"embeddable":true,"href":"https:\/\/www.europesays.com\/fr\/wp-json\/wp\/v2\/comments?post=169543"}],"version-history":[{"count":0,"href":"https:\/\/www.europesays.com\/fr\/wp-json\/wp\/v2\/posts\/169543\/revisions"}],"wp:featuredmedia":[{"embeddable":true,"href":"https:\/\/www.europesays.com\/fr\/wp-json\/wp\/v2\/media\/169544"}],"wp:attachment":[{"href":"https:\/\/www.europesays.com\/fr\/wp-json\/wp\/v2\/media?parent=169543"}],"wp:term":[{"taxonomy":"category","embeddable":true,"href":"https:\/\/www.europesays.com\/fr\/wp-json\/wp\/v2\/categories?post=169543"},{"taxonomy":"post_tag","embeddable":true,"href":"https:\/\/www.europesays.com\/fr\/wp-json\/wp\/v2\/tags?post=169543"}],"curies":[{"name":"wp","href":"https:\/\/api.w.org\/{rel}","templated":true}]}}