{"id":169547,"date":"2025-06-12T00:45:13","date_gmt":"2025-06-12T00:45:13","guid":{"rendered":"https:\/\/www.europesays.com\/fr\/169547\/"},"modified":"2025-06-12T00:45:13","modified_gmt":"2025-06-12T00:45:13","slug":"a-pessac-un-club-dentreprises-sur-tous-les-fronts-2","status":"publish","type":"post","link":"https:\/\/www.europesays.com\/fr\/169547\/","title":{"rendered":"\u00c0 Pessac, un club d\u2019entreprises sur tous les fronts"},"content":{"rendered":"<p>\n\t\t\t\t\t\t\t\t\tLe CEB propose entre autres un format afterwork pour ses adh\u00e9rents. Cr\u00e9dits : CEB\n\t\t\t\t\t\t\t\t<\/p>\n<p>Le club d\u2019entreprises de Pessac multiplie les formats et rendez-vous pour se diff\u00e9rencier des autres structures du territoire.<\/p>\n<p>C\u2019est le plus vieux club d\u2019entreprises de Gironde. Le r\u00e9seau de Pessac a vu le jour en 1990, cr\u00e9\u00e9 par l\u2019actuel pr\u00e9sident de R\u00e9gion Alain Rousset, alors maire de la ville. \u00ab Aujourd\u2019hui nous comptons 120 membres, pr\u00e9sente Kristina Paul Pousseur, pr\u00e9sidente de l\u2019association. Il faut travailler sur la commune d\u2019une fa\u00e7on ou d\u2019une autre pour en faire partie ; soit car on y a son si\u00e8ge, soit parce que l&rsquo;on y compte des clients. \u00bb Ainsi, toutes les tailles d\u2019entreprises et les secteurs y sont repr\u00e9sent\u00e9s.<\/p>\n<p>\u00ab On essaye de faire un peu diff\u00e9remment des autres clubs, reprend Kristina Paul Pousseur. Au sein de notre structure, nous avons le PBC &#8211; Pessac Business Club. Un espace d\u2019\u00e9change dans lequel une activit\u00e9 n\u2019est repr\u00e9sent\u00e9e qu\u2019une fois pour ne pas se faire concurrence. On se retrouve toutes les deux semaines. \u00bb Hormis ce rendez-vous, le club d\u2019entreprises de Pessac propose d&rsquo;autres formats plus classiques : matin\u00e9e pour accueillir les nouveaux adh\u00e9rents, rencontres le midi sous forme de \u00ab speed meeting \u00bb, ou encore afterwork conviviaux.<\/p>\n<p>L\u2019inclusion comme fil conducteur<\/p>\n<p>Soucieuse d\u2019accompagner les membres de l\u2019association, sa pr\u00e9sidente n\u2019oublie pas les auto-entrepreneurs : \u00ab Nous proposons des ateliers de huit personnes qui se rencontrent tous les mois, et des mini-formations. Le prochain rendez-vous est sur l\u2019IA textuelle, ou pour cr\u00e9er une image \u00bb, d\u00e9roule Kristina Paul Pousseur.<\/p>\n<p>Le club d\u2019entreprises de Pessac pense \u00e9galement \u00e0 sa responsabilit\u00e9 sociale et environnementale (RSE). Depuis son d\u00e9but de mandature l\u2019an dernier, sa pr\u00e9sidente met en avant un fil conducteur : l\u2019inclusion des personnes handicap\u00e9es. Une inclusion \u00ab cens\u00e9e \u00eatre normale en entreprise, mais pas encore assez d\u00e9velopp\u00e9e \u00bb, note notre interlocutrice, qui entend mettre l\u2019accent durant trois ans, pour donner le temps aux adh\u00e9rents de s\u2019emparer vraiment du sujet. \u00ab Je pense qu\u2019ensuite, je proposerai quelque chose en lien avec les jeunes \u00bb, envisage-t-elle.<\/p>\n<p><a href=\"https:\/\/www.placeco.fr\/gironde\/ecosysteme\/article\/mailto:contact@club-entreprises-pessac.fr\" target=\"_blank\" rel=\"nofollow noopener\">contact@club-entreprises-pessac.fr<\/a> <\/p>\n","protected":false},"excerpt":{"rendered":"Le CEB propose entre autres un format afterwork pour ses adh\u00e9rents. Cr\u00e9dits : CEB Le club d\u2019entreprises de&hellip;\n","protected":false},"author":2,"featured_media":168926,"comment_status":"","ping_status":"","sticky":false,"template":"","format":"standard","meta":{"footnotes":""},"categories":[2817],"tags":[1111,11,1997,1777,674,1011,27,12,2219,5645,25],"class_list":{"0":"post-169547","1":"post","2":"type-post","3":"status-publish","4":"format-standard","5":"has-post-thumbnail","7":"category-bordeaux","8":"tag-actu","9":"tag-actualites","10":"tag-bordeaux","11":"tag-eu","12":"tag-europe","13":"tag-fr","14":"tag-france","15":"tag-news","16":"tag-nouvelle-aquitaine","17":"tag-placco-placeco","18":"tag-republique-francaise"},"share_on_mastodon":{"url":"https:\/\/pubeurope.com\/@fr\/114667632966540075","error":""},"_links":{"self":[{"href":"https:\/\/www.europesays.com\/fr\/wp-json\/wp\/v2\/posts\/169547","targetHints":{"allow":["GET"]}}],"collection":[{"href":"https:\/\/www.europesays.com\/fr\/wp-json\/wp\/v2\/posts"}],"about":[{"href":"https:\/\/www.europesays.com\/fr\/wp-json\/wp\/v2\/types\/post"}],"author":[{"embeddable":true,"href":"https:\/\/www.europesays.com\/fr\/wp-json\/wp\/v2\/users\/2"}],"replies":[{"embeddable":true,"href":"https:\/\/www.europesays.com\/fr\/wp-json\/wp\/v2\/comments?post=169547"}],"version-history":[{"count":0,"href":"https:\/\/www.europesays.com\/fr\/wp-json\/wp\/v2\/posts\/169547\/revisions"}],"wp:featuredmedia":[{"embeddable":true,"href":"https:\/\/www.europesays.com\/fr\/wp-json\/wp\/v2\/media\/168926"}],"wp:attachment":[{"href":"https:\/\/www.europesays.com\/fr\/wp-json\/wp\/v2\/media?parent=169547"}],"wp:term":[{"taxonomy":"category","embeddable":true,"href":"https:\/\/www.europesays.com\/fr\/wp-json\/wp\/v2\/categories?post=169547"},{"taxonomy":"post_tag","embeddable":true,"href":"https:\/\/www.europesays.com\/fr\/wp-json\/wp\/v2\/tags?post=169547"}],"curies":[{"name":"wp","href":"https:\/\/api.w.org\/{rel}","templated":true}]}}