{"id":169556,"date":"2025-06-12T00:50:23","date_gmt":"2025-06-12T00:50:23","guid":{"rendered":"https:\/\/www.europesays.com\/fr\/169556\/"},"modified":"2025-06-12T00:50:23","modified_gmt":"2025-06-12T00:50:23","slug":"capanga-une-batucada-afro-bresilienne-zoom-sur-lille","status":"publish","type":"post","link":"https:\/\/www.europesays.com\/fr\/169556\/","title":{"rendered":"Capanga, une Batucada Afro-Br\u00e9silienne &#8211; Zoom Sur Lille"},"content":{"rendered":"<p style=\"text-align: justify;\">Ils sont : <strong>assistante maternelle, \u00e9ducateur, \u00e9lectricien, douani\u00e8re, visiteuse m\u00e9dicale\u2026<\/strong> Ils partagent une m\u00eame passion pour la <strong>musique Afro-Br\u00e9silienne ! <\/strong><\/p>\n<p style=\"text-align: justify;\"><strong>Zoom Sur Lille<\/strong> a eu la chance d\u2019assister aux <strong>r\u00e9p\u00e9titions<\/strong> de la <strong>Batucada Capanga<\/strong> bas\u00e9e \u00e0 <strong>Lomme.<\/strong><\/p>\n<p><a href=\"https:\/\/www.zoomsurlille.fr\/wp-content\/uploads\/2025\/06\/art_capanga_01-scaled.jpg\" target=\"_blank\" rel=\"noreferrer noopener\"><img loading=\"lazy\" decoding=\"async\" width=\"1024\" height=\"683\" src=\"https:\/\/www.europesays.com\/fr\/wp-content\/uploads\/2025\/06\/art_capanga_01-1024x683.jpg\" alt=\"\" class=\"wp-image-85409\"  \/><\/a><\/p>\n<p style=\"text-align: center;\">Une petite photo avant la parade de lille3000-Fiesta<\/p>\n<p style=\"text-align: justify;\">Capanga, une batucada Afro-Br\u00e9silienne<br \/><strong>Capanga<\/strong> est une <strong>joyeuse bande <\/strong>de <strong>style afro-br\u00e9silien<\/strong> compos\u00e9e d\u2019une<strong> cinquantaine de membres<\/strong> qui s\u2019inspire de la <strong>culture du Nordeste<\/strong> (Salvador de Bahia). Contrairement \u00e0<strong> Rio<\/strong> avec ses <strong>Batucadas <\/strong>et<strong> ses danseurs\/ses,<\/strong> ici les <strong>musiciens\/nes<\/strong> sont aussi <strong>acteurs de leurs prestations.<\/strong> Les <b>batuqueiros<\/b> (joueurs dans une batucada) <strong>dansent \u00e9galement lors de leurs d\u00e9monstrations.<\/strong><\/p>\n<tr>\n<td class=\"has-text-align-center\" data-align=\"center\"><a href=\"https:\/\/www.europesays.com\/fr\/wp-content\/uploads\/2025\/06\/art_capanga_04-scaled.jpg\"><img loading=\"lazy\" decoding=\"async\" width=\"2560\" height=\"1708\" class=\"wp-image-85412\" style=\"width: 500px;\" src=\"https:\/\/www.europesays.com\/fr\/wp-content\/uploads\/2025\/06\/art_capanga_04-scaled.jpg\" alt=\"\"  \/><\/a><\/td>\n<td><a href=\"https:\/\/www.europesays.com\/fr\/wp-content\/uploads\/2025\/06\/art_capanga_05-scaled.jpg\" target=\"_blank\" rel=\"noreferrer noopener\"><img decoding=\"async\" loading=\"lazy\" width=\"2560\" height=\"1708\" class=\"wp-image-85413\" style=\"width: 500px;\" src=\"https:\/\/www.europesays.com\/fr\/wp-content\/uploads\/2025\/06\/art_capanga_05-scaled.jpg\" alt=\"\"  \/><\/a><\/td>\n<\/tr>\n<p style=\"text-align: center;\">Le lundi en fin de journ\u00e9e, ce sont les r\u00e9p\u00e9titions \u00e0 Lomme !<\/p>\n<\/p>\n<p style=\"text-align: justify;\">Le Mestre Johannes Leroy<br \/>La <strong>Batucada Capanga<\/strong> est dirig\u00e9e par le <strong>Mestre Johannes Leroy.<\/strong> <strong>Musicien percussionniste,<\/strong> <strong>passionn\u00e9 <\/strong>par toutes les <strong>percussions du monde,<\/strong> <strong>dipl\u00f4m\u00e9 du Conservatoire de Lille <\/strong>et <strong>professeur \u00e0 l\u2019\u00c9cole de Musique &amp; de Danse de Lomme. <\/strong>Il assure \u00e9galement des <strong>formations p\u00e9dagogiques<\/strong> \u00e0 la <strong>Facult\u00e9 de Lille 3.<\/strong><\/p>\n<tr>\n<td class=\"has-text-align-center\" data-align=\"center\"><a href=\"https:\/\/www.europesays.com\/fr\/wp-content\/uploads\/2025\/06\/art_capanga_02-scaled.jpg\" target=\"_blank\" rel=\"noreferrer noopener\"><img decoding=\"async\" loading=\"lazy\" width=\"1708\" height=\"2560\" class=\"wp-image-85410\" style=\"width: 300px;\" src=\"https:\/\/www.europesays.com\/fr\/wp-content\/uploads\/2025\/06\/art_capanga_02-scaled.jpg\" alt=\"\"  \/><\/a><\/td>\n<td class=\"has-text-align-center\" data-align=\"center\"><a href=\"https:\/\/www.europesays.com\/fr\/wp-content\/uploads\/2025\/06\/art_capanga_06-scaled.jpg\"><img decoding=\"async\" loading=\"lazy\" width=\"1708\" height=\"2560\" class=\"wp-image-85414\" style=\"width: 300px;\" src=\"https:\/\/www.europesays.com\/fr\/wp-content\/uploads\/2025\/06\/art_capanga_06-scaled.jpg\" alt=\"\"  \/><\/a><\/td>\n<\/tr>\n<p style=\"text-align: justify;\">A noter que <strong>Johannes Leroy<\/strong> pr\u00e9pare \u00e9galement des <strong>morceaux <\/strong>pour d\u2019autres <strong>Batucadas<\/strong> tels que <strong>Atabak<\/strong> et <strong>Oyamba.<\/strong><\/p>\n<p style=\"text-align: justify;\"><strong>Quel est le r\u00f4le d\u2019un mestre ? <\/strong><br \/>Le <strong>mestre <\/strong>organise la<strong> Batucada<\/strong> en donnant le <strong>rythme :<\/strong> <strong>arr\u00eater, reprendre, continuer, jouer moins fort, plus fort, plus vite, moins vite.<\/strong>..<\/p>\n<p><a href=\"https:\/\/www.zoomsurlille.fr\/wp-content\/uploads\/2025\/06\/art_capanga_03-scaled.jpg\" target=\"_blank\" rel=\"noreferrer noopener\"><img decoding=\"async\" loading=\"lazy\" width=\"683\" height=\"1024\" src=\"https:\/\/www.europesays.com\/fr\/wp-content\/uploads\/2025\/06\/art_capanga_03-683x1024.jpg\" alt=\"\" class=\"wp-image-85411\" style=\"aspect-ratio:0.6669921875;object-fit:cover;width:350px\"  \/><\/a><\/p>\n<p style=\"text-align: center;\">Johannes Leroy r\u00e9alise l\u2019accordage des instruments de la troupe.<\/p>\n<p style=\"text-align: justify;\">O\u00f9 retrouver le Batucada Capanga ?<br \/>Vous pouvez retrouv\u00e9 le <strong>Batucada Capanga<\/strong> lors de <strong>diff\u00e9rents types d\u2019\u00e9v\u00e9nements<\/strong> tels que les<strong> Rencontres Internationales de Cerfs-Volants de Berck-sur-Mer<\/strong> (avril 2025), les <strong>Carnavals de Bailleul <\/strong>(mars 2025) &amp; <strong>la Roche-en-Ardennes<\/strong> (mars 2025), la <strong>parade de lancement lille3000-Fiesta<\/strong> (avril 2025), le <strong>Carnaval de Lomme<\/strong> (juin 2025), la <strong>F\u00eate de la Musique \u00e0 Lille<\/strong> (juin),\u2026\u00a0<\/p>\n<tr>\n<td class=\"has-text-align-center\" data-align=\"center\"><a href=\"https:\/\/www.europesays.com\/fr\/wp-content\/uploads\/2025\/06\/art_capanga_10-scaled.jpg\" target=\"_blank\" rel=\"noreferrer noopener\"><img decoding=\"async\" loading=\"lazy\" width=\"2560\" height=\"1708\" class=\"wp-image-85418\" style=\"width: 400px;\" src=\"https:\/\/www.europesays.com\/fr\/wp-content\/uploads\/2025\/06\/art_capanga_10-scaled.jpg\" alt=\"\"  \/><\/a><\/td>\n<td class=\"has-text-align-center\" data-align=\"center\"><a href=\"https:\/\/www.europesays.com\/fr\/wp-content\/uploads\/2025\/06\/art_capanga_11-scaled.jpg\" target=\"_blank\" rel=\"noreferrer noopener\"><img decoding=\"async\" loading=\"lazy\" width=\"2560\" height=\"1708\" class=\"wp-image-85419\" style=\"width: 400px;\" src=\"https:\/\/www.europesays.com\/fr\/wp-content\/uploads\/2025\/06\/art_capanga_11-scaled.jpg\" alt=\"\"  \/><\/a><\/td>\n<\/tr>\n<p style=\"text-align: center;\">Parade de lille3000 \u2013 Fiesta \/ Carnaval de Lomme<\/p>\n<\/p>\n<p><a href=\"https:\/\/www.zoomsurlille.fr\/wp-content\/uploads\/2025\/06\/art_capanga_07-scaled.jpg\" target=\"_blank\" rel=\"noreferrer noopener\"><img decoding=\"async\" loading=\"lazy\" width=\"1024\" height=\"683\" src=\"https:\/\/www.europesays.com\/fr\/wp-content\/uploads\/2025\/06\/art_capanga_07-1024x683.jpg\" alt=\"\" class=\"wp-image-85415\" style=\"aspect-ratio:1.499267935578331;object-fit:cover;width:500px\"  \/><\/a><\/p>\n<p class=\"has-text-align-center\"><strong><b><img decoding=\"async\" loading=\"lazy\" width=\"9\" height=\"9\" data-lazy-src=\"https:\/\/www.europesays.com\/fr\/wp-content\/uploads\/2025\/06\/1749689423_163_arrow.png\" class=\"size-full wp-image-45 lazyloaded tie-appear\" src=\"https:\/\/www.europesays.com\/fr\/wp-content\/uploads\/2025\/06\/1749689423_163_arrow.png\" alt=\"\"\/><\/b> <\/strong><a href=\"https:\/\/www.capanga.fr\/\" target=\"_blank\" rel=\"noreferrer noopener\">Site internet de Capanga<\/a><\/p>\n<p>Photos des R\u00e9p\u00e9titions de la Batucada Capanga<\/p>\n<p class=\"has-text-align-right\"><strong>Merci \u00e0 S\u00e9verine, Johannes et aux membres de Capanga de m\u2019avoir accueilli lors des r\u00e9p\u00e9titions !<\/strong><\/p>\n<p class=\"has-text-align-right\"><strong>Illustrations :<\/strong> \u00a9 Zoom Sur Lille<\/p>\n","protected":false},"excerpt":{"rendered":"Ils sont : assistante maternelle, \u00e9ducateur, \u00e9lectricien, douani\u00e8re, visiteuse m\u00e9dicale\u2026 Ils partagent une m\u00eame passion pour la musique&hellip;\n","protected":false},"author":2,"featured_media":169557,"comment_status":"","ping_status":"","sticky":false,"template":"","format":"standard","meta":{"footnotes":""},"categories":[2815],"tags":[1111,11,30378,30379,30380,1777,674,1011,27,811,1307,13882,873,12,30381,25],"class_list":{"0":"post-169556","1":"post","2":"type-post","3":"status-publish","4":"format-standard","5":"has-post-thumbnail","7":"category-lille","8":"tag-actu","9":"tag-actualites","10":"tag-afro-bresilien","11":"tag-batucada","12":"tag-capanga","13":"tag-eu","14":"tag-europe","15":"tag-fr","16":"tag-france","17":"tag-hauts-de-france","18":"tag-lille","19":"tag-lomme","20":"tag-musique","21":"tag-news","22":"tag-repetitions","23":"tag-republique-francaise"},"share_on_mastodon":{"url":"https:\/\/pubeurope.com\/@fr\/114667652958893301","error":""},"_links":{"self":[{"href":"https:\/\/www.europesays.com\/fr\/wp-json\/wp\/v2\/posts\/169556","targetHints":{"allow":["GET"]}}],"collection":[{"href":"https:\/\/www.europesays.com\/fr\/wp-json\/wp\/v2\/posts"}],"about":[{"href":"https:\/\/www.europesays.com\/fr\/wp-json\/wp\/v2\/types\/post"}],"author":[{"embeddable":true,"href":"https:\/\/www.europesays.com\/fr\/wp-json\/wp\/v2\/users\/2"}],"replies":[{"embeddable":true,"href":"https:\/\/www.europesays.com\/fr\/wp-json\/wp\/v2\/comments?post=169556"}],"version-history":[{"count":0,"href":"https:\/\/www.europesays.com\/fr\/wp-json\/wp\/v2\/posts\/169556\/revisions"}],"wp:featuredmedia":[{"embeddable":true,"href":"https:\/\/www.europesays.com\/fr\/wp-json\/wp\/v2\/media\/169557"}],"wp:attachment":[{"href":"https:\/\/www.europesays.com\/fr\/wp-json\/wp\/v2\/media?parent=169556"}],"wp:term":[{"taxonomy":"category","embeddable":true,"href":"https:\/\/www.europesays.com\/fr\/wp-json\/wp\/v2\/categories?post=169556"},{"taxonomy":"post_tag","embeddable":true,"href":"https:\/\/www.europesays.com\/fr\/wp-json\/wp\/v2\/tags?post=169556"}],"curies":[{"name":"wp","href":"https:\/\/api.w.org\/{rel}","templated":true}]}}