{"id":169558,"date":"2025-06-12T00:51:09","date_gmt":"2025-06-12T00:51:09","guid":{"rendered":"https:\/\/www.europesays.com\/fr\/169558\/"},"modified":"2025-06-12T00:51:09","modified_gmt":"2025-06-12T00:51:09","slug":"le-festival-musiques-a-bagatelle-fete-ses-30-ans-du-27-au-29-juin","status":"publish","type":"post","link":"https:\/\/www.europesays.com\/fr\/169558\/","title":{"rendered":"le festival Musiques \u00e0 Bagatelle f\u00eate ses 30 ans du 27 au 29 juin"},"content":{"rendered":"<p>Cr\u00e9\u00e9 en\u00a01995, ce festival a \u00e9t\u00e9 pens\u00e9 pour \u00eatre accessible \u00e0 tous. Outre sa gratuit\u00e9 et sa programmation diversifi\u00e9e, il est adapt\u00e9 au public sourd et malentendant gr\u00e2ce \u00e0 la mise en place de gilets vibrants (sur demande aupr\u00e8s de la Ville de Marseille). Un espace s\u00e9curis\u00e9 est \u00e9galement d\u00e9di\u00e9 \u00e0 l\u2019accueil des enfants.<\/p>\n<p>Le programme, \u00e9clectique, s\u2019ouvrira vendredi 27\u00a0juin par un concert du saxophoniste Samy Thi\u00e9bault, pr\u00e9sent\u00e9 avec <a href=\"https:\/\/www.laprovence.com\/article\/culture-loisirs\/11105662303258\/marseille-jazz-des-cinq-continents-programme-concerts-nouveaux-lieux-une-photographie-mondiale-du-jazz-actuel\" target=\"_blank\" rel=\"noopener\">le Marseille Jazz des Cinq Continents<\/a>. Le soliste, guid\u00e9 par sa passion pour le surf, pr\u00e9sentera son nouveau projet In Waves, accompagn\u00e9 des musiciens Damien Varaillon (contrebasse), L\u00e9onardo Montana (piano), Marine Thibault (fl\u00fbtes s\u00e9quenceur), Arnaud Dolmen (batterie) et Cynthia Abraham (chant).<\/p>\n<p>Le samedi 28\u00a0juin sera d\u00e9di\u00e9 \u00e0 la musique classique. \u00c0 19h se tiendra un concert du ch\u0153ur lyrique du Conservatoire Pierre-Barbizet de Marseille, dirig\u00e9 par Jean-Emmanuel Jacquet, dont le programme tournera autour de Franz Schubert, Gabriel Faur\u00e9 ou encore Antonio Vivaldi. \u00c0 21h, l\u2019Orchestre de Bouc-Bel-Air interpr\u00e9tera certains chefs-d\u2019\u0153uvre du r\u00e9pertoire lyrique, de Mozart \u00e0 Verdi en passant par Gounod ou Falla, port\u00e9s par la soprano Irene Fern\u00e1ndez Monta\u00f1ez et le t\u00e9nor J\u00e9sus Gomez Baena.<\/p>\n<p>Place \u00e0 la danse<\/p>\n<p>Apr\u00e8s deux soir\u00e9es musicales, la journ\u00e9e du dimanche 29\u00a0juin sera consacr\u00e9e \u00e0 la danse, avec la proposition participative Fa\u00eetes de la danse de la compagnie Itin\u00e9rrances et l\u2019association P\u00f4le 164 (d\u00e8s 19h). Qualifi\u00e9 de \u00ab\u00a0studio \u00e0 ciel ouvert\u00a0\u00bb, ce programme rassemble plusieurs performances et courtes pi\u00e8ces r\u00e9v\u00e9lant diff\u00e9rentes \u00e9critures chor\u00e9graphiques.<\/p>\n<p>En cl\u00f4ture, les danseuses et danseurs de l\u2019\u00c9cole nationale de danse de Marseille (ENDM) interpr\u00e9teront plusieurs extraits de pi\u00e8ces fameuses dont Larmes blanches d\u2019<a href=\"https:\/\/www.laprovence.com\/article\/culture-loisirs\/2690132168794815\/dans-les-coulisses-du-ballet-preljocaj-qui-cree-licht-a-paris-avant-aix-et-marseille\" target=\"_blank\" rel=\"noopener\">Angelin Preljocaj<\/a>, Coup d\u2019envoi de <a href=\"https:\/\/laprovence.com\/article\/sortie-loisirs\/31101385094058\/versus-lart-daimer-selon-kelemenis-une-danse-magnetique-au-mucem-a-marseille\" target=\"_blank\" rel=\"noopener\">Michel Kelemenis<\/a> ou encore le Lac des Cygnes, une chor\u00e9graphie librement adapt\u00e9e de Marius Petipa par les professeurs de l\u2019ENDM.<\/p>\n<p>Du 27 au 29 juin 2025. Parc de Bagatelle, 125 rue du Commandant-Rolland \u00e0 Marseille (8e). Entr\u00e9e libre. mairie-marseille6-8.fr<\/p>\n","protected":false},"excerpt":{"rendered":"Cr\u00e9\u00e9 en\u00a01995, ce festival a \u00e9t\u00e9 pens\u00e9 pour \u00eatre accessible \u00e0 tous. Outre sa gratuit\u00e9 et sa programmation&hellip;\n","protected":false},"author":2,"featured_media":169559,"comment_status":"","ping_status":"","sticky":false,"template":"","format":"standard","meta":{"footnotes":""},"categories":[2814],"tags":[17,1111,11,1764,30382,251,1777,674,849,4768,1011,27,884,1698,12,882,25,2407],"class_list":{"0":"post-169558","1":"post","2":"type-post","3":"status-publish","4":"format-standard","5":"has-post-thumbnail","7":"category-marseille","8":"tag-17","9":"tag-actu","10":"tag-actualites","11":"tag-ans","12":"tag-bagatelle","13":"tag-culture","14":"tag-eu","15":"tag-europe","16":"tag-festival","17":"tag-fete","18":"tag-fr","19":"tag-france","20":"tag-marseille","21":"tag-musiques","22":"tag-news","23":"tag-provence-alpes-cote-dazur","24":"tag-republique-francaise","25":"tag-ses"},"share_on_mastodon":{"url":"https:\/\/pubeurope.com\/@fr\/114667656726737325","error":""},"_links":{"self":[{"href":"https:\/\/www.europesays.com\/fr\/wp-json\/wp\/v2\/posts\/169558","targetHints":{"allow":["GET"]}}],"collection":[{"href":"https:\/\/www.europesays.com\/fr\/wp-json\/wp\/v2\/posts"}],"about":[{"href":"https:\/\/www.europesays.com\/fr\/wp-json\/wp\/v2\/types\/post"}],"author":[{"embeddable":true,"href":"https:\/\/www.europesays.com\/fr\/wp-json\/wp\/v2\/users\/2"}],"replies":[{"embeddable":true,"href":"https:\/\/www.europesays.com\/fr\/wp-json\/wp\/v2\/comments?post=169558"}],"version-history":[{"count":0,"href":"https:\/\/www.europesays.com\/fr\/wp-json\/wp\/v2\/posts\/169558\/revisions"}],"wp:featuredmedia":[{"embeddable":true,"href":"https:\/\/www.europesays.com\/fr\/wp-json\/wp\/v2\/media\/169559"}],"wp:attachment":[{"href":"https:\/\/www.europesays.com\/fr\/wp-json\/wp\/v2\/media?parent=169558"}],"wp:term":[{"taxonomy":"category","embeddable":true,"href":"https:\/\/www.europesays.com\/fr\/wp-json\/wp\/v2\/categories?post=169558"},{"taxonomy":"post_tag","embeddable":true,"href":"https:\/\/www.europesays.com\/fr\/wp-json\/wp\/v2\/tags?post=169558"}],"curies":[{"name":"wp","href":"https:\/\/api.w.org\/{rel}","templated":true}]}}