{"id":169560,"date":"2025-06-12T00:52:10","date_gmt":"2025-06-12T00:52:10","guid":{"rendered":"https:\/\/www.europesays.com\/fr\/169560\/"},"modified":"2025-06-12T00:52:10","modified_gmt":"2025-06-12T00:52:10","slug":"provence-calanques-de-marseille-acces-a-sugiton-sur-reservation-cet-ete","status":"publish","type":"post","link":"https:\/\/www.europesays.com\/fr\/169560\/","title":{"rendered":"Provence : Calanques de Marseille : acc\u00e8s \u00e0 Sugiton sur r\u00e9servation cet \u00e9t\u00e9"},"content":{"rendered":"<p class=\"sub-title\">12 juin 2025<\/p>\n<p>    <img  data- src-original=\"https:\/\/media.routard.com\/image\/26\/0\/sugiton.1606260.jpg\" alt=\"Provence - Calanques de Marseille : acc\u00e8s \u00e0 Sugiton sur r\u00e9servation cet \u00e9t\u00e9\" title=\"Provence - Calanques de Marseille : acc\u00e8s \u00e0 Sugiton sur r\u00e9servation cet \u00e9t\u00e9\" class=\"  lazy\"\/><br \/>\n    \u00a9 Julien Challet &#8211; stock.adobe.com<\/p>\n<p>Le Parc national des Calanques reconduit la mesure de r\u00e9servation obligatoire pour se rendre \u00e0 Sugiton et aux Pierres Tomb\u00e9es cet \u00e9t\u00e9. L\u2019acc\u00e8s sera limit\u00e9 \u00e0 400 personnes par jour et autoris\u00e9 uniquement apr\u00e8s\u00a0<a href=\"http:\/\/www.calanques-parcnational.fr\/fr\/des-decouvertes\/preparer-sa-visite\/reservation-sugiton\" target=\"_blank\" class=\"txt02\" rel=\"noopener\">r\u00e9servation en ligne<\/a>\u00a0sur le site du parc national des calanques. La plateforme de r\u00e9servation ouvre le 18 juin \u00e0 9 h.<\/p>\n<p>&#13;<\/p>\n<p>Ce dispositif sera en place d\u00e8s les week-ends des 21 et 22 juin, du 28 juin au 31 ao\u00fbt, ainsi que les 6, 7, 13 et 14 septembre 2025. Il sera reconduit jusqu\u2019en 2027.<\/p>\n<p>&#13;<\/p>\n<p>Les r\u00e9servations seront ouvertes trois jours avant la date de la visite et jusqu\u2019\u00e0 18h la veille, valables pour une seule journ\u00e9e et \u00e0 cinq personnes maximum, les enfants de moins de 3 ans ne sont pas compris.<\/p>\n<p>&#13;<\/p>\n<p>L\u2019acc\u00e8s au site se fera sur pr\u00e9sentation du mail de confirmation de la r\u00e9servation. En cas de fermeture des massifs pour risques d&rsquo;incendie, les r\u00e9servations seront annul\u00e9es et non modifiables.<\/p>\n<p>&#13;<\/p>\n<p>Il est \u00e0 noter que l&rsquo;acc\u00e8s aux calanques de Sormiou, Morgiou et Callolongue sera interdit aux v\u00e9hicules \u00e0 moteur jusuq&rsquo;au 30 septembre.<\/p>\n<p>\n    <b>Plus d&rsquo;infos sur le net : <\/b><br \/>\n          <a class=\"txt02\" target=\"_blank\" rel=\"nofollow noopener\" href=\"https:\/\/www.calanques-parcnational.fr\/fr\/des-decouvertes\/preparer-sa-visite\/reservation-sugiton\">Parc national des Calanques<\/a><\/p>\n<p>\n      <b>Infos destination :<\/b><br \/>\n              <a class=\"aTxt txt02\" title=\"Marseille\" href=\"http:\/\/www.routard.com\/fr\/guide\/france\/provence\/marseille\" target=\"_blank\" rel=\"noopener\">Marseille<\/a>,               <a class=\"aTxt txt02\" title=\"Provence\" href=\"http:\/\/www.routard.com\/fr\/guide\/france\/provence\" target=\"_blank\" rel=\"noopener\">Provence<\/a>          <\/p>\n","protected":false},"excerpt":{"rendered":"12 juin 2025 \u00a9 Julien Challet &#8211; stock.adobe.com Le Parc national des Calanques reconduit la mesure de r\u00e9servation&hellip;\n","protected":false},"author":2,"featured_media":169561,"comment_status":"","ping_status":"","sticky":false,"template":"","format":"standard","meta":{"footnotes":""},"categories":[2814],"tags":[1111,47,11,3723,1777,674,1011,27,1922,884,74,12,882,25,586],"class_list":{"0":"post-169560","1":"post","2":"type-post","3":"status-publish","4":"format-standard","5":"has-post-thumbnail","7":"category-marseille","8":"tag-actu","9":"tag-actualite","10":"tag-actualites","11":"tag-actus","12":"tag-eu","13":"tag-europe","14":"tag-fr","15":"tag-france","16":"tag-info","17":"tag-marseille","18":"tag-monde","19":"tag-news","20":"tag-provence-alpes-cote-dazur","21":"tag-republique-francaise","22":"tag-voyage"},"share_on_mastodon":{"url":"https:\/\/pubeurope.com\/@fr\/114667660465363187","error":""},"_links":{"self":[{"href":"https:\/\/www.europesays.com\/fr\/wp-json\/wp\/v2\/posts\/169560","targetHints":{"allow":["GET"]}}],"collection":[{"href":"https:\/\/www.europesays.com\/fr\/wp-json\/wp\/v2\/posts"}],"about":[{"href":"https:\/\/www.europesays.com\/fr\/wp-json\/wp\/v2\/types\/post"}],"author":[{"embeddable":true,"href":"https:\/\/www.europesays.com\/fr\/wp-json\/wp\/v2\/users\/2"}],"replies":[{"embeddable":true,"href":"https:\/\/www.europesays.com\/fr\/wp-json\/wp\/v2\/comments?post=169560"}],"version-history":[{"count":0,"href":"https:\/\/www.europesays.com\/fr\/wp-json\/wp\/v2\/posts\/169560\/revisions"}],"wp:featuredmedia":[{"embeddable":true,"href":"https:\/\/www.europesays.com\/fr\/wp-json\/wp\/v2\/media\/169561"}],"wp:attachment":[{"href":"https:\/\/www.europesays.com\/fr\/wp-json\/wp\/v2\/media?parent=169560"}],"wp:term":[{"taxonomy":"category","embeddable":true,"href":"https:\/\/www.europesays.com\/fr\/wp-json\/wp\/v2\/categories?post=169560"},{"taxonomy":"post_tag","embeddable":true,"href":"https:\/\/www.europesays.com\/fr\/wp-json\/wp\/v2\/tags?post=169560"}],"curies":[{"name":"wp","href":"https:\/\/api.w.org\/{rel}","templated":true}]}}