{"id":169562,"date":"2025-06-12T00:53:12","date_gmt":"2025-06-12T00:53:12","guid":{"rendered":"https:\/\/www.europesays.com\/fr\/169562\/"},"modified":"2025-06-12T00:53:12","modified_gmt":"2025-06-12T00:53:12","slug":"on-est-pret-on-vous-attend-declarent-les-jeunes-soutiens-de-jean-michel-aulas-2","status":"publish","type":"post","link":"https:\/\/www.europesays.com\/fr\/169562\/","title":{"rendered":"\u00ab\u00a0On est pr\u00eat, on vous attend\u00a0\u00bb, d\u00e9clarent les jeunes soutiens de Jean-Michel Aulas"},"content":{"rendered":"<p>Pas si fr\u00e9quent de se faire ainsi d\u00e9sirer. \u00ab\u00a0On est pr\u00eat, on vous attend. C\u2019est notre message ce soir pour Jean-Michel\u00a0\u00bb, explique avant le coup d\u2019envoi Samuel Soulier.<\/p>\n<p>Le petit-fils de l\u2019avocat Andr\u00e9 Soulier, adjoint d\u00e9l\u00e9gu\u00e9 \u00e0 la Jeunesse du 6 e arrondissement, a chaud car il fait chaud. S\u2019appr\u00eate \u00e0 avoir plus chaud encore dans la Maison M, bar musical du quartier de la Martini\u00e8re, qui contient moiti\u00e9 moins de personnes que le nombre d\u2019inscrits. Ils sont annonc\u00e9s plus de 500 et seront environ 300 finalement \u00e0 se presser.<\/p>\n<p>\u00ab\u00a0Cela transpire le monde\u00a0\u00bb<\/p>\n<p>\u00ab\u00a0Il faut que \u00e7a transpire le monde. C\u2019est bon pour les&#8230;<\/p>\n","protected":false},"excerpt":{"rendered":"Pas si fr\u00e9quent de se faire ainsi d\u00e9sirer. \u00ab\u00a0On est pr\u00eat, on vous attend. C\u2019est notre message ce&hellip;\n","protected":false},"author":2,"featured_media":169563,"comment_status":"","ping_status":"","sticky":false,"template":"","format":"standard","meta":{"footnotes":""},"categories":[1889],"tags":[1111,11,2430,2757,1777,674,1011,27,2428,2756,12,316,25,2429],"class_list":{"0":"post-169562","1":"post","2":"type-post","3":"status-publish","4":"format-standard","5":"has-post-thumbnail","7":"category-lyon","8":"tag-actu","9":"tag-actualites","10":"tag-auvergne-rhone-alpes","11":"tag-edition-lyon-villeurbanne","12":"tag-eu","13":"tag-europe","14":"tag-fr","15":"tag-france","16":"tag-lyon","17":"tag-lyon-bassin","18":"tag-news","19":"tag-politique","20":"tag-republique-francaise","21":"tag-rhone"},"share_on_mastodon":{"url":"https:\/\/pubeurope.com\/@fr\/114667664438066404","error":""},"_links":{"self":[{"href":"https:\/\/www.europesays.com\/fr\/wp-json\/wp\/v2\/posts\/169562","targetHints":{"allow":["GET"]}}],"collection":[{"href":"https:\/\/www.europesays.com\/fr\/wp-json\/wp\/v2\/posts"}],"about":[{"href":"https:\/\/www.europesays.com\/fr\/wp-json\/wp\/v2\/types\/post"}],"author":[{"embeddable":true,"href":"https:\/\/www.europesays.com\/fr\/wp-json\/wp\/v2\/users\/2"}],"replies":[{"embeddable":true,"href":"https:\/\/www.europesays.com\/fr\/wp-json\/wp\/v2\/comments?post=169562"}],"version-history":[{"count":0,"href":"https:\/\/www.europesays.com\/fr\/wp-json\/wp\/v2\/posts\/169562\/revisions"}],"wp:featuredmedia":[{"embeddable":true,"href":"https:\/\/www.europesays.com\/fr\/wp-json\/wp\/v2\/media\/169563"}],"wp:attachment":[{"href":"https:\/\/www.europesays.com\/fr\/wp-json\/wp\/v2\/media?parent=169562"}],"wp:term":[{"taxonomy":"category","embeddable":true,"href":"https:\/\/www.europesays.com\/fr\/wp-json\/wp\/v2\/categories?post=169562"},{"taxonomy":"post_tag","embeddable":true,"href":"https:\/\/www.europesays.com\/fr\/wp-json\/wp\/v2\/tags?post=169562"}],"curies":[{"name":"wp","href":"https:\/\/api.w.org\/{rel}","templated":true}]}}