{"id":169571,"date":"2025-06-12T00:59:19","date_gmt":"2025-06-12T00:59:19","guid":{"rendered":"https:\/\/www.europesays.com\/fr\/169571\/"},"modified":"2025-06-12T00:59:19","modified_gmt":"2025-06-12T00:59:19","slug":"de-retour-de-chartres-un-jeune-pelerin-verbalise-pour-avoir-chante-en-gare-de-montparnasse","status":"publish","type":"post","link":"https:\/\/www.europesays.com\/fr\/169571\/","title":{"rendered":"De retour de Chartres, un jeune p\u00e8lerin verbalis\u00e9 pour avoir chant\u00e9 en gare de Montparnasse"},"content":{"rendered":"<p>Si les voies du Seigneur sont imp\u00e9n\u00e9trables, les voix de ses fid\u00e8les sont, elles, sanctionnables. Ce lundi, aux alentours de 19h30, un jeune p\u00e8lerin qui revenait du <a href=\"https:\/\/www.20minutes.fr\/politique\/4146967-20250404-non-vance-viendra-france-depute-lfi-fait-avoir-poisson-avril\" class=\"color-ultramarine c-link\" target=\"_blank\" rel=\"noopener\">p\u00e8lerinage de Chartres<\/a> s\u2019est vu verbalis\u00e9 pour avoir chant\u00e9 son amour du seigneur un peu trop fort sur les quais de la <a href=\"https:\/\/www.20minutes.fr\/societe\/4153940-20250516-sncf-train-peut-desormais-etre-retarde-20-minutes-si-chat-chien-passager-echappe\" class=\"color-ultramarine c-link\" target=\"_blank\" rel=\"noopener\">gare Montparnasse<\/a> \u00e0 <a href=\"https:\/\/www.20minutes.fr\/paris\/\" class=\"color-ultramarine c-link\" target=\"_blank\" rel=\"noopener\">Paris<\/a>, rapportent nos confr\u00e8res du <a href=\"https:\/\/www.lefigaro.fr\/actualite-france\/de-retour-de-chartres-un-jeune-pelerin-verbalise-a-montparnasse-pour-avoir-chante-dans-la-gare-20250610\" rel=\"nofollow noopener\" target=\"_blank\" class=\"color-ultramarine c-link\">Figaro<\/a>.<\/p>\n<p>Alors que plusieurs trains, affr\u00e9t\u00e9s sp\u00e9cialement pour l\u2019occasion, d\u00e9versaient quelque 7.000 personnes de retour du tr\u00e8s c\u00e9l\u00e8bre p\u00e8lerinage de la <a href=\"https:\/\/www.20minutes.fr\/dossier\/pentecote\" class=\"color-ultramarine c-link\" target=\"_blank\" rel=\"noopener\">Pentec\u00f4te<\/a> qui les a amen\u00e9es de la capitale \u00e0 Chartres (Eure-et-Loir), les fid\u00e8les ont entonn\u00e9 le \u00ab\u00a0Jubilate Deo\u00a0\u00bb un chant en latin, une coutume destin\u00e9e \u00e0 signaler leur arriv\u00e9e et \u00e0 se dire adieu.<\/p>\n<p>60 euros pour \u00ab\u00a0tapage\u00a0\u00bb<\/p>\n<p>Un chant de gr\u00e2ces qui n\u2019a pas trouv\u00e9 celle des agents de la S\u00fbret\u00e9 ferroviaire qui n\u2019ont que peu go\u00fbt\u00e9 le concert et ont demand\u00e9 \u00e0 un groupe de jeunes, rest\u00e9 en retrait, d\u2019arr\u00eater de chanter au motif qu\u2019il s\u2019agirait l\u00e0 de \u00ab\u00a0tapage\u00a0\u00bb.<\/p>\n<\/p>\n<p>Apr\u00e8s avoir demand\u00e9 \u00e0 l\u2019un d\u2019entre eux, \u00e2g\u00e9 de 18 ans, ses papiers, celui-ci s\u2019est vu imposer une verbalisation de 60 euros.<\/p>\n<p>\u00ab\u00a0Nous avons dit aux agents notre incompr\u00e9hension, car nous \u00e9tions des milliers \u00e0 chanter, et en r\u00e8gle g\u00e9n\u00e9rale il y a souvent de la musique et des chants dans les gares, surtout depuis que la <a href=\"https:\/\/www.20minutes.fr\/dossier\/sncf\" class=\"color-ultramarine c-link\" target=\"_blank\" rel=\"noopener\">SNCF<\/a> a install\u00e9 des pianos en libre acc\u00e8s\u00a0!\u00a0\u00bb explique \u00c9mile, t\u00e9moin de la sc\u00e8ne cit\u00e9 par Le Figaro et qui dit n\u2019avoir re\u00e7u en retour pour seule explication de la part des agents qu\u2019ils ne pouvaient \u00ab\u00a0pas verbaliser tout le monde\u00a0\u00bb et que le jeune homme a \u00e9t\u00e9 verbalis\u00e9 car il avait \u00ab\u00a0regard\u00e9\u00a0\u00bb les agents de la SNCF en chantant.<\/p>\n<p>\u00ab\u00a0Notre ami a pay\u00e9 pour tout le monde parce que ces agents \u00e9taient exasp\u00e9r\u00e9s\u00a0\u00bb<\/p>\n<p>Une d\u00e9cision \u00ab\u00a0injuste\u00a0\u00bb selon le jeune qui y voit l\u00e0 un signe d\u2019agacement des agents\u00a0: \u00ab\u00a0Notre ami a pay\u00e9 pour tout le monde parce que ces agents \u00e9taient exasp\u00e9r\u00e9s, et semblaient avoir une dent contre les p\u00e8lerins de fa\u00e7on g\u00e9n\u00e9rale.\u00a0\u00bb<\/p>\n<p>Si la SNCF clame son envie de \u00ab\u00a0faire pr\u00e9f\u00e9rer le train\u00a0\u00bb, pas dit que les certains fid\u00e8les feront le retour \u00e0 pied l\u2019ann\u00e9e prochaine\u2026<\/p>\n<p>Contact\u00e9e par 20 Minutes, la SNCF n\u2019a, pour le moment, pas r\u00e9pondu \u00e0 nos sollicitations.<\/p>\n","protected":false},"excerpt":{"rendered":"Si les voies du Seigneur sont imp\u00e9n\u00e9trables, les voix de ses fid\u00e8les sont, elles, sanctionnables. Ce lundi, aux&hellip;\n","protected":false},"author":2,"featured_media":169572,"comment_status":"","ping_status":"","sticky":false,"template":"","format":"standard","meta":{"footnotes":""},"categories":[1888],"tags":[11,7087,7343,2294,1777,1939,674,1011,27,8037,662,639,12,626,2293,28343,1306,25,2215],"class_list":{"0":"post-169571","1":"post","2":"type-post","3":"status-publish","4":"format-standard","5":"has-post-thumbnail","7":"category-paris","8":"tag-actualites","9":"tag-amende","10":"tag-centre-val-de-loire","11":"tag-chartres","12":"tag-eu","13":"tag-eure-et-loir","14":"tag-europe","15":"tag-fr","16":"tag-france","17":"tag-gare-montparnasse","18":"tag-ile-de-france","19":"tag-le-figaro","20":"tag-news","21":"tag-paris","22":"tag-pelerinage","23":"tag-pentecote","24":"tag-regions","25":"tag-republique-francaise","26":"tag-sncf"},"share_on_mastodon":{"url":"https:\/\/pubeurope.com\/@fr\/114667688225347054","error":""},"_links":{"self":[{"href":"https:\/\/www.europesays.com\/fr\/wp-json\/wp\/v2\/posts\/169571","targetHints":{"allow":["GET"]}}],"collection":[{"href":"https:\/\/www.europesays.com\/fr\/wp-json\/wp\/v2\/posts"}],"about":[{"href":"https:\/\/www.europesays.com\/fr\/wp-json\/wp\/v2\/types\/post"}],"author":[{"embeddable":true,"href":"https:\/\/www.europesays.com\/fr\/wp-json\/wp\/v2\/users\/2"}],"replies":[{"embeddable":true,"href":"https:\/\/www.europesays.com\/fr\/wp-json\/wp\/v2\/comments?post=169571"}],"version-history":[{"count":0,"href":"https:\/\/www.europesays.com\/fr\/wp-json\/wp\/v2\/posts\/169571\/revisions"}],"wp:featuredmedia":[{"embeddable":true,"href":"https:\/\/www.europesays.com\/fr\/wp-json\/wp\/v2\/media\/169572"}],"wp:attachment":[{"href":"https:\/\/www.europesays.com\/fr\/wp-json\/wp\/v2\/media?parent=169571"}],"wp:term":[{"taxonomy":"category","embeddable":true,"href":"https:\/\/www.europesays.com\/fr\/wp-json\/wp\/v2\/categories?post=169571"},{"taxonomy":"post_tag","embeddable":true,"href":"https:\/\/www.europesays.com\/fr\/wp-json\/wp\/v2\/tags?post=169571"}],"curies":[{"name":"wp","href":"https:\/\/api.w.org\/{rel}","templated":true}]}}