{"id":169578,"date":"2025-06-12T01:02:16","date_gmt":"2025-06-12T01:02:16","guid":{"rendered":"https:\/\/www.europesays.com\/fr\/169578\/"},"modified":"2025-06-12T01:02:16","modified_gmt":"2025-06-12T01:02:16","slug":"sur-cnn-le-president-bulgare-plus-prorusse-que-jamais","status":"publish","type":"post","link":"https:\/\/www.europesays.com\/fr\/169578\/","title":{"rendered":"sur CNN, le pr\u00e9sident bulgare plus prorusse que jamais"},"content":{"rendered":"\n<p>Voici une interview qui, avant m\u00eame d\u2019\u00eatre diffus\u00e9e, a provoqu\u00e9 une vague de r\u00e9actions. En d\u00e9placement \u00e0 Tachkent, en Ouzb\u00e9kistan, o\u00f9 il a assist\u00e9 \u00e0 un forum \u00e9conomique, le pr\u00e9sident bulgare, Roumen Radev, a accord\u00e9 un entretien \u00e0 la cha\u00eene am\u00e9ricaine <strong>CNN,<\/strong> dans lequel il s\u2019\u00e9tend sur les sujets d\u2019actualit\u00e9 dans son pays.<\/p>\n<p>\u00c0 savoir, l\u2019adoption de l\u2019euro, pour laquelle il a demand\u00e9 \u2013\u00a0en vain\u00a0\u2013 l\u2019organisation d\u2019un r\u00e9f\u00e9rendum, mais aussi la guerre en Ukraine, qui fait rage de l\u2019autre c\u00f4t\u00e9 de la mer Noire depuis bient\u00f4t trois ans et demi.<\/p>\n<p><a class=\"ithalc\" data-ithal=\"lien_externe\" data-ithalc=\"[nav_article]\" target=\"_blank\" href=\"https:\/\/www.dnevnik.bg\/bulgaria\/2025\/06\/11\/4793336_burzi_novini_11_juni\/#4793580\" rel=\"noopener\">Selon le quotidien en ligne <strong>Dnevnik<\/strong><\/a><strong>,<\/strong> le contenu de cet entretien a \u00e9t\u00e9 r\u00e9v\u00e9l\u00e9 par le service de presse du pr\u00e9sident avant m\u00eame la publication de la vid\u00e9o sur le site de la cha\u00eene, o\u00f9 \u201celle n\u2019a apparemment pas encore \u00e9t\u00e9 diffus\u00e9e\u201d, poursuit le journal.<\/p>\n<p>En attendant, Roumen Radev \u2013\u00a0qui a des fonctions surtout repr\u00e9sentatives dans la r\u00e9publique parlementaire qu\u2019est la Bulgarie depuis la fin du communisme\u00a0\u2013, en a profit\u00e9 pour plaider une fois de plus pour que l\u2019adoption de la monnaie unique soit soumise \u00e0 une consultation populaire, au nom de la \u201cd\u00e9mocratie\u201d.<\/p>\n<p>\u201cJe suis peut-\u00eatre vieux jeu, mais je crois fermement en la d\u00e9mocratie. C\u2019est pourquoi j\u2019ai lanc\u00e9 un r\u00e9f\u00e9rendum sur notre volont\u00e9 d\u2019adh\u00e9rer \u00e0 la zone<\/p>\n","protected":false},"excerpt":{"rendered":"Voici une interview qui, avant m\u00eame d\u2019\u00eatre diffus\u00e9e, a provoqu\u00e9 une vague de r\u00e9actions. En d\u00e9placement \u00e0 Tachkent,&hellip;\n","protected":false},"author":2,"featured_media":169579,"comment_status":"","ping_status":"","sticky":false,"template":"","format":"standard","meta":{"footnotes":""},"categories":[1590],"tags":[11,9043,1777,450,674,1892,131,12,14136,220],"class_list":{"0":"post-169578","1":"post","2":"type-post","3":"status-publish","4":"format-standard","5":"has-post-thumbnail","7":"category-ukraine","8":"tag-actualites","9":"tag-bulgarie","10":"tag-eu","11":"tag-euro","12":"tag-europe","13":"tag-gu00e9opolitique","14":"tag-guerre-en-ukraine","15":"tag-news","16":"tag-sanctions-contre-la-russie","17":"tag-ukraine"},"share_on_mastodon":{"url":"https:\/\/pubeurope.com\/@fr\/114667700017041352","error":""},"_links":{"self":[{"href":"https:\/\/www.europesays.com\/fr\/wp-json\/wp\/v2\/posts\/169578","targetHints":{"allow":["GET"]}}],"collection":[{"href":"https:\/\/www.europesays.com\/fr\/wp-json\/wp\/v2\/posts"}],"about":[{"href":"https:\/\/www.europesays.com\/fr\/wp-json\/wp\/v2\/types\/post"}],"author":[{"embeddable":true,"href":"https:\/\/www.europesays.com\/fr\/wp-json\/wp\/v2\/users\/2"}],"replies":[{"embeddable":true,"href":"https:\/\/www.europesays.com\/fr\/wp-json\/wp\/v2\/comments?post=169578"}],"version-history":[{"count":0,"href":"https:\/\/www.europesays.com\/fr\/wp-json\/wp\/v2\/posts\/169578\/revisions"}],"wp:featuredmedia":[{"embeddable":true,"href":"https:\/\/www.europesays.com\/fr\/wp-json\/wp\/v2\/media\/169579"}],"wp:attachment":[{"href":"https:\/\/www.europesays.com\/fr\/wp-json\/wp\/v2\/media?parent=169578"}],"wp:term":[{"taxonomy":"category","embeddable":true,"href":"https:\/\/www.europesays.com\/fr\/wp-json\/wp\/v2\/categories?post=169578"},{"taxonomy":"post_tag","embeddable":true,"href":"https:\/\/www.europesays.com\/fr\/wp-json\/wp\/v2\/tags?post=169578"}],"curies":[{"name":"wp","href":"https:\/\/api.w.org\/{rel}","templated":true}]}}