{"id":169580,"date":"2025-06-12T01:03:15","date_gmt":"2025-06-12T01:03:15","guid":{"rendered":"https:\/\/www.europesays.com\/fr\/169580\/"},"modified":"2025-06-12T01:03:15","modified_gmt":"2025-06-12T01:03:15","slug":"brand-usa-reduction-de-budget-un-nouveau-coup-dur-pour-la-destination","status":"publish","type":"post","link":"https:\/\/www.europesays.com\/fr\/169580\/","title":{"rendered":"Brand USA: r\u00e9duction de budget, un nouveau coup dur pour la destination"},"content":{"rendered":"<p>Le 6 juin 2025, le Comit\u00e9 s\u00e9natorial am\u00e9ricain du Commerce, des Sciences et des Transports a propos\u00e9 une coupe drastique du budget de <a href=\"https:\/\/www.thebrandusa.com\/\" target=\"_blank\" rel=\"noopener\">Brand USA<\/a>, l\u2019organisme charg\u00e9 de promouvoir les \u00c9tats-Unis comme destination touristique \u00e0 l\u2019international. Cette mesure, qui r\u00e9duirait le financement annuel de 100 \u00e0 20 millions de dollars, suscite l\u2019inqui\u00e9tude des professionnels du tourisme.<\/p>\n<p><img fetchpriority=\"high\" decoding=\"async\" class=\"size-medium wp-image-84114\" src=\"https:\/\/www.europesays.com\/fr\/wp-content\/uploads\/2025\/06\/seul-en-balade-Depositphotos-300x200.jpg\" alt=\"\" width=\"300\" height=\"200\"  \/>Brand USA: r\u00e9duction de budget, un nouveau coup dur pour la destination<br \/>\nUn budget amput\u00e9 de 80 %<\/p>\n<p>La proposition, port\u00e9e par le s\u00e9nateur r\u00e9publicain Ted Cruz, intervient dans le cadre du processus de r\u00e9conciliation budg\u00e9taire. Si elle est adopt\u00e9e, cette r\u00e9duction de 80 % limiterait s\u00e9v\u00e8rement les campagnes publicitaires mondiales de Brand USA, essentielles pour attirer les visiteurs \u00e9trangers. Selon <a href=\"https:\/\/openjaw.com\/newsroom\/tourism\/2025\/06\/09\/proposal-to-slash-brand-usa-budget-by-80\/\" target=\"_blank\" rel=\"noopener\">une source proche de l\u2019organisme<\/a>, cette coupe \u00ab \u00e9liminerait pratiquement toute capacit\u00e9 de promotion \u00e0 l\u2019international \u00bb.\u00a0<\/p>\n<p>Des cons\u00e9quences pour l\u2019industrie<\/p>\n<p>Brand USA joue un r\u00f4le cl\u00e9 dans la comp\u00e9titivit\u00e9 touristique des \u00c9tats-Unis, un secteur qui soutient 15,7 millions d\u2019emplois. En 2024, ses efforts ont g\u00e9n\u00e9r\u00e9 6,6 millions de visiteurs internationaux suppl\u00e9mentaires, selon Oxford Economics. Une diminution du budget affecterait non seulement les campagnes marketing, mais aussi les contributions financi\u00e8res du secteur priv\u00e9, qui d\u00e9pendent des fonds publics. Les professionnels, des h\u00f4teliers aux agences de voyage, craignent une chute des arriv\u00e9es internationales, d\u00e9j\u00e0 en baisse (par exemple, -20 % pour les vols depuis le Canada).<\/p>\n<p><img loading=\"lazy\" decoding=\"async\" class=\"wp-image-84116 size-medium\" src=\"https:\/\/www.europesays.com\/fr\/wp-content\/uploads\/2025\/06\/etats-Unis-300x168.png\" alt=\"Brand USA: r\u00e9duction de budget, un nouveau coup dur pour la destination\" width=\"300\" height=\"168\"  \/>Brand USA: r\u00e9duction de budget, un nouveau coup dur pour la destination<br \/>\nL\u2019opposition de l\u2019industrie<\/p>\n<p>L\u2019U.S. Travel Association a lanc\u00e9 un appel \u00e0 l\u2019action, exhortant <a href=\"https:\/\/www.travelactionnetwork.com\/campaign\/support-busa-senate\/\" target=\"_blank\" rel=\"noopener\">les professionnels \u00e0 contacter leurs s\u00e9nateurs<\/a> pour s\u2019opposer \u00e0 cette coupe. \u00ab Cette r\u00e9duction aura des r\u00e9percussions graves sur toute l\u2019industrie, quel que soit le secteur \u00bb, a d\u00e9clar\u00e9 l\u2019association sur LinkedIn. Plus de 400 d\u00e9fenseurs du tourisme se sont d\u00e9j\u00e0 mobilis\u00e9s.<\/p>\n<p>Un enjeu pour l\u2019avenir<\/p>\n<p>Alors que les \u00c9tats-Unis se pr\u00e9parent \u00e0 accueillir des \u00e9v\u00e9nements mondiaux comme la Coupe du Monde FIFA 2026, maintenir un tourisme international fort est crucial. Les professionnels esp\u00e8rent que le Congr\u00e8s pr\u00e9servera le budget de Brand USA pour garantir la comp\u00e9titivit\u00e9 du pays face \u00e0 des destinations concurrentes.<\/p>\n","protected":false},"excerpt":{"rendered":"Le 6 juin 2025, le Comit\u00e9 s\u00e9natorial am\u00e9ricain du Commerce, des Sciences et des Transports a propos\u00e9 une&hellip;\n","protected":false},"author":2,"featured_media":169581,"comment_status":"","ping_status":"","sticky":false,"template":"","format":"standard","meta":{"footnotes":""},"categories":[1589],"tags":[11,941,3929,30383,73,1866,12,30384,1864,1865,1863,30385,308],"class_list":{"0":"post-169580","1":"post","2":"type-post","3":"status-publish","4":"format-standard","5":"has-post-thumbnail","7":"category-etats-unis","8":"tag-actualites","9":"tag-administration-trump","10":"tag-brand-usa","11":"tag-coupe-du-monde-fifa-2026","12":"tag-etats-unis","13":"tag-etats-unis-damerique","14":"tag-news","15":"tag-reduction-du-budget-de-brand-usa","16":"tag-united-states","17":"tag-united-states-of-america","18":"tag-us","19":"tag-us-travel-association","20":"tag-usa"},"share_on_mastodon":{"url":"https:\/\/pubeurope.com\/@fr\/114667703790294785","error":""},"_links":{"self":[{"href":"https:\/\/www.europesays.com\/fr\/wp-json\/wp\/v2\/posts\/169580","targetHints":{"allow":["GET"]}}],"collection":[{"href":"https:\/\/www.europesays.com\/fr\/wp-json\/wp\/v2\/posts"}],"about":[{"href":"https:\/\/www.europesays.com\/fr\/wp-json\/wp\/v2\/types\/post"}],"author":[{"embeddable":true,"href":"https:\/\/www.europesays.com\/fr\/wp-json\/wp\/v2\/users\/2"}],"replies":[{"embeddable":true,"href":"https:\/\/www.europesays.com\/fr\/wp-json\/wp\/v2\/comments?post=169580"}],"version-history":[{"count":0,"href":"https:\/\/www.europesays.com\/fr\/wp-json\/wp\/v2\/posts\/169580\/revisions"}],"wp:featuredmedia":[{"embeddable":true,"href":"https:\/\/www.europesays.com\/fr\/wp-json\/wp\/v2\/media\/169581"}],"wp:attachment":[{"href":"https:\/\/www.europesays.com\/fr\/wp-json\/wp\/v2\/media?parent=169580"}],"wp:term":[{"taxonomy":"category","embeddable":true,"href":"https:\/\/www.europesays.com\/fr\/wp-json\/wp\/v2\/categories?post=169580"},{"taxonomy":"post_tag","embeddable":true,"href":"https:\/\/www.europesays.com\/fr\/wp-json\/wp\/v2\/tags?post=169580"}],"curies":[{"name":"wp","href":"https:\/\/api.w.org\/{rel}","templated":true}]}}