{"id":169597,"date":"2025-06-12T01:14:14","date_gmt":"2025-06-12T01:14:14","guid":{"rendered":"https:\/\/www.europesays.com\/fr\/169597\/"},"modified":"2025-06-12T01:14:14","modified_gmt":"2025-06-12T01:14:14","slug":"lois-boisson-en-crush-sur-un-sportif-tres-connu-donne-lenvie-elle-y-va-a-tatons","status":"publish","type":"post","link":"https:\/\/www.europesays.com\/fr\/169597\/","title":{"rendered":"Lo\u00efs Boisson en crush sur un sportif tr\u00e8s connu ? \u201cDonn\u00e9 l\u2019envie\u2026\u201d, elle y va \u00e0 t\u00e2tons"},"content":{"rendered":"<p>La quinzaine de <a href=\"https:\/\/www.closermag.fr\/people\/kelly-vedovelli-en-couple-a-roland-garros-on-en-sait-enfin-plus-sur-le-mysterieux-inconnu-a-ses-cotes-3553830\" target=\"_blank\" rel=\"noopener\"><br \/>\nRoland-Garros<\/a> a offert un petit miracle inattendu. Dans un<br \/>\ncontexte morose pour le tennis f\u00e9minin fran\u00e7ais, en pleine crise de<br \/>\nr\u00e9sultats, Lo\u00efs Boisson a brillamment tir\u00e9 parti de sa wild-card<br \/>\npour signer un parcours exceptionnel.<\/p>\n<p>Elle a atteint les demi-finales du tournoi, avant d\u2019\u00eatre stopp\u00e9e<br \/>\nnet par Coco Gauff, actuelle <strong>num\u00e9ro 2<\/strong> mondiale et<br \/>\nfuture gagnante de cette \u00e9dition.<\/p>\n<p>La tenniswoman r\u00e9pond aux critiques sur son physique<\/p>\n<p><a href=\"https:\/\/www.closermag.fr\/people\/lois-boisson-en-couple-cette-mise-au-point-qui-en-dit-long-3553565\" target=\"_blank\" rel=\"noopener\"><br \/>\nLo\u00efs Boisson<\/a>, demi-finaliste \u00e0 Roland-Garros cette ann\u00e9e et<br \/>\npleine d\u2019ambition pour la suite de sa saison, a \u00e9t\u00e9 interrog\u00e9e sur<br \/>\nson physique impressionnant. Son agent affirme d\u2019ailleurs qu\u2019elle<br \/>\n\u201cfait peur aux adversaires\u201d tant elle en impose sur le court.<\/p>\n<p>\u00c0 la question de savoir si elle s\u2019entra\u00eene \u00e9norm\u00e9ment, la<br \/>\njoueuse r\u00e9pond : \u201cOui. Apr\u00e8s, je pense que c\u2019est une<br \/>\n<strong>morphologie<\/strong> de base.\u201d Elle d\u00e9taille ensuite<br \/>\nson style de jeu : \u201cPhysiquement, je joue toujours \u00e0 fond. \u00c0<br \/>\ncause de cela, je me suis souvent <strong>bless\u00e9e<\/strong>.<br \/>\nMentalement, j\u2019ai aussi beaucoup travaill\u00e9. C\u2019est gr\u00e2ce \u00e0 cet<br \/>\nensemble de facteurs que j\u2019ai pu arriver en demi-finale.\u201d<\/p>\n<p>Lo\u00efs Boisson se confie et r\u00e9v\u00e8le son<br \/>\nadmiration pour un sportif tr\u00e8s connu<\/p>\n<p>Dans une interview accord\u00e9e \u00e0 Paris Match, Lo\u00efs Boisson<br \/>\na fait une r\u00e9v\u00e9lation inattendue sur celui qui l\u2019a inspir\u00e9e \u00e0 se<br \/>\nlancer dans le tennis : <a href=\"https:\/\/www.closermag.fr\/people\/lois-boisson-la-maniere-dont-il-a-ete-ce-joueur-qui-lui-fait-toujours-beaucoup-deffet-3553591\" target=\"_blank\" rel=\"noopener\"><br \/>\nRafael Nadal<\/a>. La jeune joueuse confie avoir toujours admir\u00e9 le<br \/>\nchampion espagnol, autant pour sa carri\u00e8re que pour son attitude<br \/>\nexemplaire en dehors des courts : \u00ab\u00a0Je n\u2019en ai qu\u2019une seule<br \/>\nidole, Rafael Nadal. <strong>C\u2019est lui qui m\u2019a donn\u00e9 l\u2019envie de me<br \/>\nmettre au tennis<\/strong>. Sa carri\u00e8re, sa fa\u00e7on de jouer, son<br \/>\nattitude en dehors des courts.\u00a0\u00bb Elle poursuit : \u00ab\u00a0Je le<br \/>\ntrouve vraiment <strong>inspirant<\/strong>. J\u2019\u00e9tais dans le court<br \/>\n\u00adPhilippe-Chatrier pour son hommage, le 25\u202fmai. Les gens<br \/>\nn\u2019arr\u00eataient pas d\u2019applaudir et il a d\u00fb attendre dix minutes avant<br \/>\nde pouvoir parler. C\u2019\u00e9tait incroyable, grandiose\u00a0\u00bb.<\/p>\n<p>Lo\u00efs Boisson s\u2019est r\u00e9cemment confi\u00e9e \u00e0 Laurent Delahousse sur<br \/>\nFrance T\u00e9l\u00e9visions et sur l&rsquo;admiration qu&rsquo;elle lui voue : \u00ab\u00a0Ce<br \/>\nserait clairement <strong>mon r\u00eave de le rencontrer<\/strong>. Si un<br \/>\njour, je peux parler avec lui, je pense que ce serait le meilleur<br \/>\njour de ma vie. Il est hyper inspirant dans tout, il n\u2019y a pas<br \/>\nd\u2019autre mot que \u00e7a\u00a0\u00bb, a d\u00e9clar\u00e9 la jeune joueuse, aujourd\u2019hui<br \/>\nclass\u00e9e 65e mondiale. Son pr\u00e9parateur physique, S\u00e9bastien Durand, a<br \/>\nconfirm\u00e9 cette passion au micro de RMC : \u00ab\u00a0Nadal a toujours \u00e9t\u00e9<br \/>\nun peu son idole et sa r\u00e9f\u00e9rence et m\u00eame sa mani\u00e8re de jouer, elle<br \/>\nne joue pas comme une joueuse de tennis classique, elle joue un peu<br \/>\ndiff\u00e9remment\u00a0\u00bb, a-t-il expliqu\u00e9.<\/p>\n","protected":false},"excerpt":{"rendered":"La quinzaine de Roland-Garros a offert un petit miracle inattendu. Dans un contexte morose pour le tennis f\u00e9minin&hellip;\n","protected":false},"author":2,"featured_media":169598,"comment_status":"","ping_status":"","sticky":false,"template":"","format":"standard","meta":{"footnotes":""},"categories":[1415],"tags":[548,1011,27,10535,60,1467],"class_list":{"0":"post-169597","1":"post","2":"type-post","3":"status-publish","4":"format-standard","5":"has-post-thumbnail","7":"category-tennis","8":"tag-article-simple","9":"tag-fr","10":"tag-france","11":"tag-lois-boisson","12":"tag-sports","13":"tag-tennis"},"share_on_mastodon":{"url":"https:\/\/pubeurope.com\/@fr\/114667746938692915","error":""},"_links":{"self":[{"href":"https:\/\/www.europesays.com\/fr\/wp-json\/wp\/v2\/posts\/169597","targetHints":{"allow":["GET"]}}],"collection":[{"href":"https:\/\/www.europesays.com\/fr\/wp-json\/wp\/v2\/posts"}],"about":[{"href":"https:\/\/www.europesays.com\/fr\/wp-json\/wp\/v2\/types\/post"}],"author":[{"embeddable":true,"href":"https:\/\/www.europesays.com\/fr\/wp-json\/wp\/v2\/users\/2"}],"replies":[{"embeddable":true,"href":"https:\/\/www.europesays.com\/fr\/wp-json\/wp\/v2\/comments?post=169597"}],"version-history":[{"count":0,"href":"https:\/\/www.europesays.com\/fr\/wp-json\/wp\/v2\/posts\/169597\/revisions"}],"wp:featuredmedia":[{"embeddable":true,"href":"https:\/\/www.europesays.com\/fr\/wp-json\/wp\/v2\/media\/169598"}],"wp:attachment":[{"href":"https:\/\/www.europesays.com\/fr\/wp-json\/wp\/v2\/media?parent=169597"}],"wp:term":[{"taxonomy":"category","embeddable":true,"href":"https:\/\/www.europesays.com\/fr\/wp-json\/wp\/v2\/categories?post=169597"},{"taxonomy":"post_tag","embeddable":true,"href":"https:\/\/www.europesays.com\/fr\/wp-json\/wp\/v2\/tags?post=169597"}],"curies":[{"name":"wp","href":"https:\/\/api.w.org\/{rel}","templated":true}]}}