{"id":16961,"date":"2025-04-11T09:42:10","date_gmt":"2025-04-11T09:42:10","guid":{"rendered":"https:\/\/www.europesays.com\/fr\/16961\/"},"modified":"2025-04-11T09:42:10","modified_gmt":"2025-04-11T09:42:10","slug":"rooftop-et-vue-imprenable-sur-la-tour-eiffel","status":"publish","type":"post","link":"https:\/\/www.europesays.com\/fr\/16961\/","title":{"rendered":"rooftop et vue imprenable sur la Tour Eiffel"},"content":{"rendered":"<p>\t\t\t\t <a href=\"https:\/\/www.tourmag.com\/javascript:void(0)\" rel=\"https:\/\/www.europesays.com\/fr\/wp-content\/uploads\/2025\/04\/87676065-62167973.jpg&amp;ibox nofollow noopener\" title=\"Face \u00e0 la Tour Eiffel, l&#039;H\u00f4tel SAX Paris, membre de LXR Hotels &amp; Resorts, ouvre ses portes - Depositphotos @sergio_pulp\" target=\"_blank\"><img decoding=\"async\" class=\"responsive\" style=\"display:none\" src=\"https:\/\/www.europesays.com\/fr\/wp-content\/uploads\/2025\/04\/87676065-62167973.jpg\" alt=\"Face \u00e0 la Tour Eiffel, l'H\u00f4tel SAX Paris, membre de LXR Hotels &amp; Resorts, ouvre ses portes - Depositphotos @sergio_pulp\" title=\"Face \u00e0 la Tour Eiffel, l'H\u00f4tel SAX Paris, membre de LXR Hotels &amp; Resorts, ouvre ses portes - Depositphotos @sergio_pulp\" \/><br \/>\n<img decoding=\"async\" class=\"not-responsive\" src=\"https:\/\/www.europesays.com\/fr\/wp-content\/uploads\/2025\/04\/1744364530_403_87676065-62167973.jpg\" alt=\"Face \u00e0 la Tour Eiffel, l'H\u00f4tel SAX Paris, membre de LXR Hotels &amp; Resorts, ouvre ses portes - Depositphotos @sergio_pulp\" title=\"Face \u00e0 la Tour Eiffel, l'H\u00f4tel SAX Paris, membre de LXR Hotels &amp; Resorts, ouvre ses portes - Depositphotos @sergio_pulp\" width=\"672\" \/><\/a><\/p>\n<p>\n\t\t\t\t\t Face \u00e0 la Tour Eiffel, l&rsquo;H\u00f4tel SAX Paris, membre de LXR Hotels &amp; Resorts, ouvre ses portes &#8211; Depositphotos @sergio_pulp\n\t\t\t\t <\/p>\n<p>\t\t\t\t\t Face \u00e0 la Tour Eiffel, dans le <b>7\u00e8me arrondissement<\/b> de Paris, un nouvel h\u00f4tel de luxe voit le jour : l\u2019<a class=\"liens\" href=\"https:\/\/www.hilton.com\/fr\/hotels\/paretol-sax-paris\/\" target=\"_blank\" rel=\"nofollow noopener\">H\u00f4tel SAX Paris<\/a>, LXR Hotels &amp; Resorts. &#13;\t\t\t\t\t <\/p>\n<p>Situ\u00e9 au <b>55 avenue de Saxe<\/b>, \u00e0 quelques pas du Champ de Mars et du Mus\u00e9e Rodin, l\u2019H\u00f4tel SAX Paris est entour\u00e9 de <b>lieux embl\u00e9matiques <\/b>comme les <a class=\"liens\" href=\"https:\/\/www.tourmag.com\/Aura-Invalides-Moment-Factory-sublime-le-Dome-des-Invalides-video_a125550.html\" target=\"_blank\" rel=\"nofollow noopener\">Invalides<\/a> ou le Bon March\u00e9, il s\u2019inscrit dans la <b>tradition du chic parisien<\/b> avec son architecture raffin\u00e9e et son atmosph\u00e8re intime.&#13;\t\t\t\t\t <\/p>\n<p>L\u2019h\u00f4tel ne se contente pas d\u2019offrir des chambres et suites luxueuses : il propose une <b>exp\u00e9rience immersive<\/b> dans l\u2019art de vivre du 7\u00e8me. &#13;\t\t\t\t\t <\/p>\n<p>L\u2019immeuble de l\u2019h\u00f4tel, \u00e9rig\u00e9 en <b>1899<\/b>, abritait autrefois le central t\u00e9l\u00e9phonique S\u00e9gur, o\u00f9 travaillaient les \u00ab\u00a0demoiselles du t\u00e9l\u00e9phone\u00a0\u00bb. Aujourd\u2019hui, l\u2019h\u00f4tel c\u00e9l\u00e8bre cet h\u00e9ritage en y int\u00e9grant <b>une touche contemporaine<\/b> gr\u00e2ce \u00e0 des artistes et designers, comme Arik Levy et Claudia Ravnbo.&#13;\t\t\t\t\t <\/p>\n<p>La Galerie, espace immersif orn\u00e9 de <b>200 miroirs et lustres Baccarat<\/b>, est con\u00e7ue pour accueillir \u00e9v\u00e9nements, d\u00e9fil\u00e9s et expositions.\n\t\t\t\t <\/p>\n","protected":false},"excerpt":{"rendered":"Face \u00e0 la Tour Eiffel, l&rsquo;H\u00f4tel SAX Paris, membre de LXR Hotels &amp; Resorts, ouvre ses portes &#8211;&hellip;\n","protected":false},"author":2,"featured_media":16962,"comment_status":"","ping_status":"","sticky":false,"template":"","format":"standard","meta":{"footnotes":""},"categories":[1888],"tags":[11,1777,674,1011,27,190,12,626,25,6896],"class_list":{"0":"post-16961","1":"post","2":"type-post","3":"status-publish","4":"format-standard","5":"has-post-thumbnail","7":"category-paris","8":"tag-actualites","9":"tag-eu","10":"tag-europe","11":"tag-fr","12":"tag-france","13":"tag-hotel","14":"tag-news","15":"tag-paris","16":"tag-republique-francaise","17":"tag-sax"},"share_on_mastodon":{"url":"https:\/\/pubeurope.com\/@fr\/114318681254835874","error":""},"_links":{"self":[{"href":"https:\/\/www.europesays.com\/fr\/wp-json\/wp\/v2\/posts\/16961","targetHints":{"allow":["GET"]}}],"collection":[{"href":"https:\/\/www.europesays.com\/fr\/wp-json\/wp\/v2\/posts"}],"about":[{"href":"https:\/\/www.europesays.com\/fr\/wp-json\/wp\/v2\/types\/post"}],"author":[{"embeddable":true,"href":"https:\/\/www.europesays.com\/fr\/wp-json\/wp\/v2\/users\/2"}],"replies":[{"embeddable":true,"href":"https:\/\/www.europesays.com\/fr\/wp-json\/wp\/v2\/comments?post=16961"}],"version-history":[{"count":0,"href":"https:\/\/www.europesays.com\/fr\/wp-json\/wp\/v2\/posts\/16961\/revisions"}],"wp:featuredmedia":[{"embeddable":true,"href":"https:\/\/www.europesays.com\/fr\/wp-json\/wp\/v2\/media\/16962"}],"wp:attachment":[{"href":"https:\/\/www.europesays.com\/fr\/wp-json\/wp\/v2\/media?parent=16961"}],"wp:term":[{"taxonomy":"category","embeddable":true,"href":"https:\/\/www.europesays.com\/fr\/wp-json\/wp\/v2\/categories?post=16961"},{"taxonomy":"post_tag","embeddable":true,"href":"https:\/\/www.europesays.com\/fr\/wp-json\/wp\/v2\/tags?post=16961"}],"curies":[{"name":"wp","href":"https:\/\/api.w.org\/{rel}","templated":true}]}}