{"id":169612,"date":"2025-06-12T01:23:24","date_gmt":"2025-06-12T01:23:24","guid":{"rendered":"https:\/\/www.europesays.com\/fr\/169612\/"},"modified":"2025-06-12T01:23:24","modified_gmt":"2025-06-12T01:23:24","slug":"margaux-se-confie-sur-son-elimination-de-top-chef-2025-avant-les-quarts-de-finale","status":"publish","type":"post","link":"https:\/\/www.europesays.com\/fr\/169612\/","title":{"rendered":"Margaux se confie sur son \u00e9limination de Top Chef 2025 avant les quarts de finale"},"content":{"rendered":"<p>L&rsquo;aventure <a href=\"https:\/\/www.programme-tv.net\/tag\/top-chef\/\" target=\"_blank\" rel=\"noopener\">Top Chef<\/a>, c&rsquo;est arr\u00eat\u00e9 ce mercredi 11\u00a0juin 2025 pour <a href=\"https:\/\/www.programme-tv.net\/biographie\/4122992-margaux-elie-top-chef-16\/\" data-api-deeplink=\"teleloisirs:\/\/person\/4122992\" target=\"_blank\" rel=\"noopener\"><b>Margaux<\/b><\/a>. La candidate de 35 ans, derni\u00e8re recrue de la brigade de St\u00e9phanie Le Quellec, s&rsquo;est effectivement inclin\u00e9e aux portes des quarts de finale, face \u00e0 <a href=\"https:\/\/www.programme-tv.net\/biographie\/4122958-quentin-mauro-top-chef-16\/#:~:text=Quentin%20Mauro%20prend%20son%20ind%C3%A9pendance,sous%2Dchef%20au%20Prairial*.\" data-api-deeplink=\"teleloisirs:\/\/person\/4122958\" target=\"_blank\" rel=\"noopener\">Quentin<\/a>, qui a r\u00e9ussi \u00e0 se qualifier pour poursuivre la comp\u00e9tition au m\u00eame titre que <a href=\"https:\/\/www.programme-tv.net\/biographie\/4122959-charlie-anne-top-chef-16\/#:~:text=Charlie%20Anne%20fait%20partie%20des,esprit%20rural%20de%20sa%20r%C3%A9gion.\" data-api-deeplink=\"teleloisirs:\/\/person\/4122959\" target=\"_blank\" rel=\"noopener\">Charlie<\/a>, <a href=\"https:\/\/www.programme-tv.net\/news\/tv\/380394-ilane-top-chef-2025-revient-sur-l-accueil-froid-des-autres-candidats-a-son-arrivee-ca-a-ete-un-moment-tres-particulier\/#:~:text=T%C3%A9l%C3%A9%2DLoisirs%20%3A%20Comment%20vous%20sentiez,en%20tr%C3%A8s%20peu%20de%20temps.\" data-api-deeplink=\"teleloisirs:\/\/news\/380394\" target=\"_blank\" rel=\"noopener\">Ilane<\/a> et <a href=\"https:\/\/www.programme-tv.net\/news\/tv\/380415-gregoire-top-chef-2025-de-retour-apres-avoir-gagne-les-brigades-cachees-sortir-9e-ce-n-etait-pas-du-tout-ma-place\/\" data-api-deeplink=\"teleloisirs:\/\/news\/380415\" target=\"_blank\" rel=\"noopener\">Gr\u00e9goire<\/a>. La jeune femme, propri\u00e9taire de son propre restaurant dans le Sud-Ouest de la France, s&rsquo;est confi\u00e9e T\u00e9l\u00e9-Loisirs au sujet de son aventure dans le c\u00e9l\u00e8bre concours de M6.<\/p>\n<p>Margaux \u00e9limin\u00e9e de Top Chef 2025\u00a0: \u00ab\u00a0Je n&rsquo;avais vraiment pas les codes\u00a0!\u00a0\u00bb<\/p>\n<p><b>T\u00e9l\u00e9-Loisirs<\/b><b>\u00a0: Comment avez-vous \u00e9t\u00e9 amen\u00e9e \u00e0 participer \u00e0<\/b><b> Top Chef <\/b><b>cette ann\u00e9e\u00a0?<br \/>Margaux (<\/b><b>Top Chef <\/b><b>2025)\u00a0: <\/b>L&rsquo;\u00e9quipe de casting est venue me chercher via les r\u00e9seaux sociaux, et m&rsquo;a propos\u00e9 l&rsquo;aventure. Ils m&rsquo;avaient d\u00e9j\u00e0 propos\u00e9 il y a deux ans. Mais j&rsquo;\u00e9tais en ouverture de mon restaurant, donc j&rsquo;avais d\u00fb refuser parce que ce n&rsquo;\u00e9tait pas viable de laisser le restaurant. Et l\u00e0, j&rsquo;ai re-r\u00e9fl\u00e9chi et je me suis dit\u00a0: \u00ab\u00a0Bon, c&rsquo;est la deuxi\u00e8me fois qu&rsquo;on me contacte, ce serait b\u00eate de passer \u00e0 c\u00f4t\u00e9 de cette opportunit\u00e9\u00a0\u00bb, et j&rsquo;ai saisi l&rsquo;occasion de participer cette ann\u00e9e.<\/p>\n<p><b>Lors de la premi\u00e8re \u00e9preuve de la soir\u00e9e, St\u00e9phanie Le Quellec n&rsquo;h\u00e9site pas \u00e0 vous secouer un peu, est-ce que \u00e7a vous a perturb\u00e9e\u00a0?<br \/><\/b>C&rsquo;est compliqu\u00e9, parce que cette \u00e9preuve \u00ab\u00a0Casser les codes\u00a0\u00bb est tr\u00e8s spectaculaire et j&rsquo;ai du mal \u00e0 mettre un environnement spectaculaire autour de ce que je fais. C&rsquo;\u00e9tait une grosse sortie de ma zone de confort, je n&rsquo;avais vraiment pas les codes. Tout simplement parce que je suis petit peu plus \u00e2g\u00e9e que les autres candidats et je pense qu&rsquo;aujourd&rsquo;hui je sais ce que je veux mais je sais aussi ce que je ne veux pas. C&rsquo;est compliqu\u00e9 pour moi de me travestir et j&rsquo;ai essay\u00e9 de ne pas le faire. La cheffe Le Quellec a bien fait de me secouer pour essayer de trouver quelque chose. Je pense que ce que je sors est vraiment cool, mais ce n&rsquo;est pas \u00ab\u00a0casser les codes\u00a0\u00bb. Quand je vois ce qu&rsquo;ont fait les autres je dis\u00a0: \u00ab\u00a0Bravo, id\u00e9es g\u00e9nies\u00a0\u00bb, mais franchement, jamais je n&rsquo;aurais fait \u00e7a parce que ce n&rsquo;est pas ma cuisine.<\/p>\n<p><b>Vous d\u00e9plorez cet aspect trop \u00ab\u00a0spectaculaire\u00a0\u00bb dans certaines \u00e9preuves de <\/b><b>Top Chef<\/b><b>\u00a0?<br \/><\/b>Non, parce que je pense que c&rsquo;est n\u00e9cessaire dans une \u00e9mission de grande \u00e9coute, mais <a href=\"https:\/\/www.programme-tv.net\/news\/tv\/365451-top-chef-2025-jury-tournage-pas-d-objectif-top-chef-les-premieres-infos-de-la-saison-16\/\" data-api-deeplink=\"teleloisirs:\/\/news\/365451\" target=\"_blank\" rel=\"noopener\">on est \u00e0 la saison 16 <\/a>et je pense que c&rsquo;est plus dur pour nous, les candidats, d&rsquo;\u00eatre toujours \u00e0 la pointe, parce que tout a \u00e9t\u00e9 fait finalement. Moi, <b>j&rsquo;ai eu du mal \u00e0 me l\u00e2cher sur certains d\u00e9fis aussi parce qu&rsquo;on manque de temps<\/b> et cela peut induire \u00e0 des \u00e9preuves moins r\u00e9ussies comme celle de ce soir.<\/p>\n<p><b>Est-ce qu&rsquo;il y a un moment ou vous avez baiss\u00e9 les bras\u00a0?<br \/><\/b>J&rsquo;\u00e9tais tr\u00e8s heureuse d&rsquo;\u00eatre dans ce concours, d&rsquo;avoir l&rsquo;opportunit\u00e9 de pr\u00e9senter ma cuisine \u00e0 tous ces grands chefs qui l&rsquo;inspirent au quotidien. Apr\u00e8s, <b>il y a eu des \u00e9preuves qui ont \u00e9t\u00e9 difficiles \u00e0 dig\u00e9rer, notamment \u00ab\u00a0La guerre des restos\u00a0\u00bb, <\/b><a href=\"https:\/\/www.programme-tv.net\/news\/tv\/379405-il-y-a-eu-un-malentendu-claudio-top-chef-2025-revient-sur-les-tensions-avec-margaux-dans-la-guerre-des-restos\/\" data-api-deeplink=\"teleloisirs:\/\/news\/379405\" target=\"_blank\" rel=\"noopener\"><b>\u00e7a m&rsquo;a mis clairement mis du plomb dans l&rsquo;aile<\/b><\/a><b>\u2026 j&rsquo;\u00e9tais fatigu\u00e9e<\/b>. \u00c0 c\u00f4t\u00e9, j&rsquo;ai un resto qui ne fonctionnait pas, vu que j&rsquo;ai d\u00fb le fermer pendant deux mois pour participer \u00e0 Top Chef. C&rsquo;est pour une bonne raison, mais \u00e0 un moment j&rsquo;avais peur de pas aller au bout de la comp\u00e9tition parce que derri\u00e8re, j&rsquo;avais quand m\u00eame des responsabilit\u00e9s d&rsquo;entrepreneur. Ce n&rsquo;\u00e9tait pas forc\u00e9ment \u00e9vident d&rsquo;\u00eatre l\u00e0 \u00e0 100\u00a0%.<\/p>\n<p>Margaux (Top Chef 2025) revient sur son \u00e9limination : \u00ab\u00a0<b>Je n&rsquo;ai rien perdu\u00a0\u00bb<\/b><\/p>\n<p><b>Que ressentez-vous au moment de votre \u00e9limination\u00a0?<br \/><\/b>Je finis dans l&rsquo;apaisement, dans le soulagement. Je crois que c&rsquo;est le moment o\u00f9 je souris le plus dans <a href=\"https:\/\/www.programme-tv.net\/programme\/autre\/r989-top-chef\/\" target=\"_blank\" rel=\"noopener\">Top Chef<\/a>. Je pense que mon heure \u00e9tait venue. J&rsquo;\u00e9tais heureuse de mon parcours, fi\u00e8re d&rsquo;avoir tout donn\u00e9.<\/p>\n<p><b>Pas trop d\u00e9\u00e7ue d&rsquo;avoir \u00e9t\u00e9 \u00e9limin\u00e9e alors que vos parents \u00e9taient venus vous rendre visite\u00a0?<br \/><\/b>C&rsquo;\u00e9tait la grande surprise qu&rsquo;ils soient l\u00e0. Mais c&rsquo;est vrai que c&rsquo;est bien d&rsquo;\u00eatre entour\u00e9e quand on vit un moment important \u00e9motionnellement parlant. Bien \u00e9videmment que j&rsquo;aurais aim\u00e9 gagner en leur pr\u00e9sence, mais en soi, pour moi<b> je n&rsquo;ai rien perdu<\/b>. Je suis \u00e9limin\u00e9e du concours, mais j&rsquo;ai tout gagn\u00e9, c&rsquo;est vraiment loin d&rsquo;\u00eatre un \u00e9chec.<\/p>\n<p><b>Est-ce que vous avez parl\u00e9 avec <\/b><a href=\"https:\/\/www.programme-tv.net\/biographie\/199494-le-quellec-stephanie\/\" data-api-deeplink=\"teleloisirs:\/\/person\/199494\" target=\"_blank\" rel=\"noopener\"><b>St\u00e9phanie Le Quellec<\/b><\/a><b> hors cam\u00e9ras\u00a0? Et vous l&rsquo;avez recontact\u00e9 depuis\u00a0?<br \/><\/b>Je ne l&rsquo;ai vue que trois minutes apr\u00e8s l&rsquo;\u00e9mission, avant d&rsquo;\u00eatre tir\u00e9e pour aller faire les interviews parce qu&rsquo;il faut garder l&rsquo;\u00e9motion, et la spontan\u00e9it\u00e9. On a eu un \u00e9change qui a \u00e9t\u00e9 bref mais elle a eu un joli discours. Depuis, on \u00e9change sur Instagram. Mais je suis en province, elle est sur Paris. Elle est tr\u00e8s prise en ce moment car c&rsquo;est une femme qui est vraiment dans ses restaurants et moi aussi. Mais on s&rsquo;est dit plein de fois qu&rsquo;il fallait qu&rsquo;on trouve un moment pour se voir, et je suis persuad\u00e9e qu&rsquo;on le fera une fois que la saison sera termin\u00e9e que tout \u00e7a se sera calm\u00e9.<\/p>\n<p><b>Avez-vous des regrets sur le concours\u00a0?<br \/><\/b>Franchement, non. Non, je pense que j&rsquo;ai \u00e9t\u00e9 droite dans mes bottes. Je ne me suis pas travestie. J&rsquo;ai fait du Margaux pendant toute cette \u00e9dition. Donc non, je crois que je n\u2019ai pas de regret\u00a0!<\/p>\n<p><b>Quelle est votre plus grande fiert\u00e9 dans <\/b><b>Top Chef<\/b><b>\u00a0?<br \/><\/b>C&rsquo;est d&rsquo;avoir pu rencontrer et faire d\u00e9guster ma cuisine au chef <a href=\"https:\/\/www.programme-tv.net\/biographie\/67714-ducasse-alain\/\" data-link-people=\"4dabf6c0-c596-4942-99a3-b693712e76d1\" target=\"_blank\" rel=\"noopener\">Alain Ducasse<\/a>. Je suis tr\u00e8s, tr\u00e8s, fi\u00e8re et honor\u00e9e d&rsquo;avoir eu ce temps privil\u00e9gi\u00e9 avec lui.<\/p>\n<p>Top Chef 2025\u00a0: Margaux \u00e9voque sa r\u00e9action quand elle d\u00e9couvre l&rsquo;existence des Brigades cach\u00e9es\u00a0!<\/p>\n<p><b>Comment avez-vous r\u00e9agi en d\u00e9couvrant Gr\u00e9goire et Ilane\u00a0? Dans l&rsquo;\u00e9pisode pr\u00e9c\u00e9dent, on vous entend dire clairement que vous auriez pr\u00e9f\u00e9r\u00e9 qu&rsquo;ils ne soient pas l\u00e0\u2026<br \/><\/b>\u00c7a a \u00e9t\u00e9 dur <b>quand les Brigades cach\u00e9es sont r\u00e9apparues comme par magie parce qu&rsquo;on se dit que tout le travail est an\u00e9anti par l&rsquo;arriv\u00e9e des deux zozos.<\/b> M\u00eame si c&rsquo;est le jeu et qu&rsquo;ils y m\u00e9ritent leur place, je pense que \u00e7a se lit sur mon visage que je suis fatigu\u00e9e qu&rsquo;il y ait deux personnes qui arrivent, alors qu&rsquo;on avait bataill\u00e9 comme des fous durant de nombreuses semaines. <a href=\"https:\/\/www.programme-tv.net\/news\/tv\/380394-ilane-top-chef-2025-revient-sur-l-accueil-froid-des-autres-candidats-a-son-arrivee-ca-a-ete-un-moment-tres-particulier\/#:~:text=T%C3%A9l%C3%A9%2DLoisirs%20%3A%20Comment%20vous%20sentiez,en%20tr%C3%A8s%20peu%20de%20temps.\" data-api-deeplink=\"teleloisirs:\/\/news\/380394\" target=\"_blank\" rel=\"noopener\">Quand je vois Ilane d\u00e9barquer, je suis so\u00fbl\u00e9e<\/a>. Je me demande\u00a0: \u00ab\u00a0Qui c&rsquo;est lui\u00a0?\u00a0\u00bb J&rsquo;ai appris \u00e0 le conna\u00eetre apr\u00e8s et que c&rsquo;est un chef incroyable.<\/p>\n<p><b>Vous ne vous attendiez pas du tout \u00e0 ce qu&rsquo;il y ait des retours, tout de m\u00eame\u00a0?<br \/><\/b>Honn\u00eatement, je pense que la production est tr\u00e8s forte l\u00e0-dessus parce que l\u2019\u00e9mission sur les Brigades Cach\u00e9es a \u00e9t\u00e9 tourn\u00e9e en une semaine. Et on n&rsquo;aurait jamais pu s&rsquo;en douter car il y avait plein de nouveaut\u00e9s cette ann\u00e9e comme les d\u00e9gustations des inspecteurs du guide Michelin. Moi j&rsquo;y ai rarement cru. Et l\u00e0 o\u00f9 je me suis pos\u00e9 la question, c&rsquo;est au Georges V (la semaine derni\u00e8re, ndlr.), mais je pensais qu&rsquo;il y aurait une personne qui allait d\u00e9barquer pas deux.<\/p>\n<p><b>Quels sont vos prochains projets\u00a0?<br \/><\/b>D&rsquo;abord de terminer cette saison folle, vu que mon restaurant est d\u00e9j\u00e0 complet jusqu&rsquo;\u00e0 la mi-ao\u00fbt. Apr\u00e8s je suis en train d&rsquo;\u00e9crire un livre, c&rsquo;est un projet r\u00e9cit graphique, qui m&#8217;emm\u00e8ne \u00e0 travers la France dans le but d&rsquo;aller \u00e0 la rencontre de producteurs, de vignerons, de chefs cuisiniers\u2026 dont j&rsquo;admire le travail. Et je vais s\u00fbrement reprendre mon podcast Aux petits oignons, consacr\u00e9 \u00e0 ceux qui font le go\u00fbt.<\/p>\n","protected":false},"excerpt":{"rendered":"L&rsquo;aventure Top Chef, c&rsquo;est arr\u00eat\u00e9 ce mercredi 11\u00a0juin 2025 pour Margaux. La candidate de 35 ans, derni\u00e8re recrue&hellip;\n","protected":false},"author":2,"featured_media":169613,"comment_status":"","ping_status":"","sticky":false,"template":"","format":"standard","meta":{"footnotes":""},"categories":[1356],"tags":[244,58,59,1011,27,2173,494,19167,23898,6094,252,492,1364,1421],"class_list":{"0":"post-169612","1":"post","2":"type-post","3":"status-publish","4":"format-standard","5":"has-post-thumbnail","7":"category-television","8":"tag-commentaire","9":"tag-divertissement","10":"tag-entertainment","11":"tag-fr","12":"tag-france","13":"tag-interview","14":"tag-m6","15":"tag-margaux-u00c9lie-top-chef-16","16":"tag-stu00e9phane-rotenberg","17":"tag-stu00e9phanie-le-quellec","18":"tag-television","19":"tag-top-chef","20":"tag-tv","21":"tag-zap"},"share_on_mastodon":{"url":"https:\/\/pubeurope.com\/@fr\/114667782384799847","error":""},"_links":{"self":[{"href":"https:\/\/www.europesays.com\/fr\/wp-json\/wp\/v2\/posts\/169612","targetHints":{"allow":["GET"]}}],"collection":[{"href":"https:\/\/www.europesays.com\/fr\/wp-json\/wp\/v2\/posts"}],"about":[{"href":"https:\/\/www.europesays.com\/fr\/wp-json\/wp\/v2\/types\/post"}],"author":[{"embeddable":true,"href":"https:\/\/www.europesays.com\/fr\/wp-json\/wp\/v2\/users\/2"}],"replies":[{"embeddable":true,"href":"https:\/\/www.europesays.com\/fr\/wp-json\/wp\/v2\/comments?post=169612"}],"version-history":[{"count":0,"href":"https:\/\/www.europesays.com\/fr\/wp-json\/wp\/v2\/posts\/169612\/revisions"}],"wp:featuredmedia":[{"embeddable":true,"href":"https:\/\/www.europesays.com\/fr\/wp-json\/wp\/v2\/media\/169613"}],"wp:attachment":[{"href":"https:\/\/www.europesays.com\/fr\/wp-json\/wp\/v2\/media?parent=169612"}],"wp:term":[{"taxonomy":"category","embeddable":true,"href":"https:\/\/www.europesays.com\/fr\/wp-json\/wp\/v2\/categories?post=169612"},{"taxonomy":"post_tag","embeddable":true,"href":"https:\/\/www.europesays.com\/fr\/wp-json\/wp\/v2\/tags?post=169612"}],"curies":[{"name":"wp","href":"https:\/\/api.w.org\/{rel}","templated":true}]}}