{"id":169614,"date":"2025-06-12T01:24:13","date_gmt":"2025-06-12T01:24:13","guid":{"rendered":"https:\/\/www.europesays.com\/fr\/169614\/"},"modified":"2025-06-12T01:24:13","modified_gmt":"2025-06-12T01:24:13","slug":"laurent-voulzy-et-ses-quatre-fils-reunis-sur-scene-pour-la-premiere-fois-2","status":"publish","type":"post","link":"https:\/\/www.europesays.com\/fr\/169614\/","title":{"rendered":"Laurent Voulzy et ses quatre fils r\u00e9unis sur sc\u00e8ne pour la premi\u00e8re fois"},"content":{"rendered":"<p>Une belle photo de famille. \u00c0 l\u2019occasion du tournage de l\u2019\u00e9mission \u00ab\u00a0Famille je vous aime\u00a0\u00bb, diffus\u00e9e le 13\u00a0juin sur France 3, <a href=\"https:\/\/www.parismatch.com\/bio\/laurent-voulzy\" rel=\"nofollow noopener\" target=\"_blank\" data-ylk=\"slk:Laurent Voulzy;elm:context_link;itc:0;sec:content-canvas\" class=\"link \">Laurent Voulzy<\/a> a partag\u00e9 la sc\u00e8ne avec ses quatre fils\u00a0: Julien, Nicolas, Cliff et Quentin. Une premi\u00e8re apparition publique entour\u00e9e de sa prog\u00e9niture au complet, pour l\u2019artiste dont les enfants \u00e9voluent tous dans la musique.<\/p>\n<p>Ses quatre fils sont n\u00e9s de trois relations diff\u00e9rentes. Julien (n\u00e9 en 1973) et Nicolas (n\u00e9 en 1979), issus de son mariage avec Betty, ont tous deux suivi une carri\u00e8re musicale. Julien a notamment fond\u00e9 le groupe \u00ab\u00a0Les Cherche Midi\u00a0\u00bb en 1994 avec Pierre Souchon, le fils d\u2019Alain Souchon. Comme quoi <a href=\"https:\/\/www.parismatch.com\/Culture\/Un-jour-une-photo-la-web-serie\/Alain-Souchon-et-Laurent-Voulzy-duo-de-choc-1602919\" rel=\"nofollow noopener\" target=\"_blank\" data-ylk=\"slk:l\u2019amiti\u00e9 des deux familles;elm:context_link;itc:0;sec:content-canvas\" class=\"link \">l\u2019amiti\u00e9 des deux familles<\/a> a perdur\u00e9 \u00e0 travers les g\u00e9n\u00e9rations.<\/p>\n<p>Son troisi\u00e8me fils, Cliff, est n\u00e9 d\u2019une relation que <a href=\"https:\/\/www.parismatch.com\/Culture\/Musique\/Tout-ce-que-vous-devez-savoir-sur-Laurent-Voulzy-1342049\" rel=\"nofollow noopener\" target=\"_blank\" data-ylk=\"slk:le chanteur de 76\u00a0ans;elm:context_link;itc:0;sec:content-canvas\" class=\"link \">le chanteur de 76\u00a0ans<\/a> n\u2019a jamais rendue publique. Toujours rest\u00e9 discret m\u00e9diatiquement, il a pourtant rejoint ses fr\u00e8res sur sc\u00e8ne pour cette occasion sp\u00e9ciale. Quant \u00e0 Quentin, n\u00e9 en 2002 de l&rsquo;union de Laurent Voulzy avec la journaliste Mirella Lepetit, qu\u2019il a \u00e9pous\u00e9 en 2010, il se forme \u00e0 la musique depuis plusieurs ann\u00e9es.\u00a0<\/p>\n<p>Les Voulzy aux c\u00f4t\u00e9s d\u2019autres c\u00e9l\u00e8bres familles<\/p>\n<p>Avant d\u2019\u00eatre interview\u00e9e par <a href=\"https:\/\/www.parismatch.com\/bio\/michel-drucker\" rel=\"nofollow noopener\" target=\"_blank\" data-ylk=\"slk:Michel Drucker;elm:context_link;itc:0;sec:content-canvas\" class=\"link \">Michel Drucker<\/a>, la petite tribu est donc mont\u00e9e sur sc\u00e8ne. Laurent Voulzy, leader du groupe, tenait la guitare pour interpr\u00e9ter son titre \u00ab\u00a0Le soleil donne\u00a0\u00bb. \u00c0 ses c\u00f4t\u00e9s, Julien, Nicolas et Cliff ont pris le micro pour chanter. Quentin, le plus jeune, jouait du piano, \u00e9galement \u00e9quip\u00e9 d\u2019un micro.<\/p>\n<p>L\u2019\u00e9mission \u00ab&amp;nb&#8230;<\/p>\n<p><a href=\"https:\/\/www.parismatch.com\/People\/en-images-laurent-voulzy-et-ses-quatre-fils-reunis-sur-scene-pour-la-premiere-fois-252629?at_medium=affiliate&amp;at_campaign=Yahoo\" rel=\"nofollow noopener\" target=\"_blank\" data-ylk=\"slk:Lire la suite sur ParisMatch;elm:context_link;itc:0;sec:content-canvas\" class=\"link \">Lire la suite sur ParisMatch<\/a><\/p>\n","protected":false},"excerpt":{"rendered":"Une belle photo de famille. \u00c0 l\u2019occasion du tournage de l\u2019\u00e9mission \u00ab\u00a0Famille je vous aime\u00a0\u00bb, diffus\u00e9e le 13\u00a0juin&hellip;\n","protected":false},"author":2,"featured_media":169615,"comment_status":"","ping_status":"","sticky":false,"template":"","format":"standard","meta":{"footnotes":""},"categories":[1355],"tags":[58,59,1742,1011,27,28935,30386,1361,873,30387,22808],"class_list":{"0":"post-169614","1":"post","2":"type-post","3":"status-publish","4":"format-standard","5":"has-post-thumbnail","7":"category-musique","8":"tag-divertissement","9":"tag-entertainment","10":"tag-fils","11":"tag-fr","12":"tag-france","13":"tag-julien","14":"tag-laurent-voulzy","15":"tag-music","16":"tag-musique","17":"tag-pierre-souchon","18":"tag-quentin"},"share_on_mastodon":{"url":"https:\/\/pubeurope.com\/@fr\/114667786501011539","error":""},"_links":{"self":[{"href":"https:\/\/www.europesays.com\/fr\/wp-json\/wp\/v2\/posts\/169614","targetHints":{"allow":["GET"]}}],"collection":[{"href":"https:\/\/www.europesays.com\/fr\/wp-json\/wp\/v2\/posts"}],"about":[{"href":"https:\/\/www.europesays.com\/fr\/wp-json\/wp\/v2\/types\/post"}],"author":[{"embeddable":true,"href":"https:\/\/www.europesays.com\/fr\/wp-json\/wp\/v2\/users\/2"}],"replies":[{"embeddable":true,"href":"https:\/\/www.europesays.com\/fr\/wp-json\/wp\/v2\/comments?post=169614"}],"version-history":[{"count":0,"href":"https:\/\/www.europesays.com\/fr\/wp-json\/wp\/v2\/posts\/169614\/revisions"}],"wp:featuredmedia":[{"embeddable":true,"href":"https:\/\/www.europesays.com\/fr\/wp-json\/wp\/v2\/media\/169615"}],"wp:attachment":[{"href":"https:\/\/www.europesays.com\/fr\/wp-json\/wp\/v2\/media?parent=169614"}],"wp:term":[{"taxonomy":"category","embeddable":true,"href":"https:\/\/www.europesays.com\/fr\/wp-json\/wp\/v2\/categories?post=169614"},{"taxonomy":"post_tag","embeddable":true,"href":"https:\/\/www.europesays.com\/fr\/wp-json\/wp\/v2\/tags?post=169614"}],"curies":[{"name":"wp","href":"https:\/\/api.w.org\/{rel}","templated":true}]}}