{"id":169626,"date":"2025-06-12T01:31:10","date_gmt":"2025-06-12T01:31:10","guid":{"rendered":"https:\/\/www.europesays.com\/fr\/169626\/"},"modified":"2025-06-12T01:31:10","modified_gmt":"2025-06-12T01:31:10","slug":"israel-annonce-le-retour-de-gaza-des-depouilles-de-deux-otages-dont-celle-de-yair-yaakov","status":"publish","type":"post","link":"https:\/\/www.europesays.com\/fr\/169626\/","title":{"rendered":"Isra\u00ebl annonce le retour de Gaza des d\u00e9pouilles de deux otages, dont celle de Yair Yaakov"},"content":{"rendered":"<p>Yair Yaakov avait \u00e9t\u00e9 tu\u00e9 le 7-Octobre lors de l\u2019op\u00e9ration men\u00e9e par le Hamas. Son corps avait \u00e9t\u00e9 enlev\u00e9 ainsi que sa compagne et deux de ses trois fils. L\u2019identit\u00e9 du deuxi\u00e8me otage retrouv\u00e9 n\u2019est pas encore connue.<\/p>\n<p class=\"fig-paragraph\">Les corps de deux otages isra\u00e9liens, dont celui de Yair Yaakov, ont \u00e9t\u00e9 retrouv\u00e9s dans la bande de Gaza au cours d\u2019une op\u00e9ration militaire, a annonc\u00e9\u00a0<a href=\"http:\/\/www.lefigaro.fr\/international\/en-israel-le-gouvernement-de-benyamin-netanyahou-bouscule-a-l-etranger-et-par-ses-allies-ultraorthodoxes-20250611\" target=\"_blank\" data-fig-type=\"Article\" rel=\"noopener\" data-gtm-custom-categorie=\"navigation\" data-gtm-custom-action=\"crossclick\" data-gtm-custom-label=\"Contextuel\" data-gtm-event=\"customEventSPE\" data-fig-domain=\"LEFIGARO\">le premier ministre isra\u00e9lien Benyamin Netanyahou<\/a>\u00a0ce mercredi. Il a confirm\u00e9 que leurs d\u00e9pouilles avaient \u00e9t\u00e9 ramen\u00e9es en Isra\u00ebl. \u00abNous n\u2019aurons de cesse que tous nos otages &#8211; les vivants comme les morts &#8211; soient ramen\u00e9s \u00e0 la maison\u00bb, a d\u00e9clar\u00e9 le premier ministre dans un communiqu\u00e9 de son bureau. Le deuxi\u00e8me corps est en cours d\u2019identification.<\/p>\n<p class=\"fig-paragraph\">\u00abLors d\u2019une op\u00e9ration conjointe de l\u2019arm\u00e9e et du Shin Bet (agence de s\u00e9curit\u00e9 int\u00e9rieure), la d\u00e9pouille de l\u2019otage Ya\u00efr Yaakov et celle d\u2019un autre otage dont le nom n\u2019a pas encore \u00e9t\u00e9 autoris\u00e9 \u00e0 la publication, ont \u00e9t\u00e9 r\u00e9cup\u00e9r\u00e9es dans la r\u00e9gion de Khan Youn\u00e8s\u00bb, pr\u00e9cise l\u2019arm\u00e9e. La femme de Yair Yaakov, Meirav Tal, 54 ans, avait \u00e9t\u00e9 lib\u00e9r\u00e9e en 2023 dans la foul\u00e9e des deux enfants de son compagnon, Yagil et Or, dans le cadre d\u2019un accord n\u00e9goci\u00e9 par le Qatar et les \u00c9tats-Unis. Meirav et Yair avaient \u00e9t\u00e9 enlev\u00e9s s\u00e9par\u00e9ment des adolescents, qui \u00e9taient seuls chez leur m\u00e8re. Le couple s\u2019\u00e9tait lui r\u00e9fugi\u00e9 dans la pi\u00e8ce s\u00e9curis\u00e9e de sa maison de Nir Oz.<\/p>\n<p class=\"fig-paragraph\">\u00c0 9h20, Meirav avait envoy\u00e9 un message vocal au fr\u00e8re de son conjoint, le pr\u00e9venant que des hommes arm\u00e9s avaient p\u00e9n\u00e9tr\u00e9 chez eux. Le lendemain de l\u2019attaque, les proches du couple tombaient sur une vid\u00e9o montrant que les assaillants \u00e9taient parvenus \u00e0 forcer la porte du couple \u00e0 l\u2019aide de grenades. L\u2019arm\u00e9e avait finalement annonc\u00e9 la mort de Yair Yaakov en f\u00e9vrier 2024.<\/p>\n<p class=\"fig-paragraph\">\u00abC\u2019\u00e9tait un homme simple et humble qui aimait sa famille, travailler la terre, et la musique. Yair a \u00e9t\u00e9 assassin\u00e9 samedi 7 octobre et son corps est conserv\u00e9 \u00e0 Gaza\u00bb, avait ajout\u00e9 une porte-parole du kibboutz Nir Oz. Sa mort avait \u00e9t\u00e9 confirm\u00e9e par le Forum des familles, la principale organisation de familles d\u2019otages enlev\u00e9s le 7 octobre. \u00abIl aimait \u00e9couter de la musique, et s\u2019asseoir au soleil en buvant une bi\u00e8re fra\u00eeche\u00bb, a ajout\u00e9 le Forum dans un communiqu\u00e9.<\/p>\n<p class=\"fig-paragraph\">Plus de 70 des 400 habitants du kibboutz Nir Oz avaient \u00e9t\u00e9 enlev\u00e9s le 7-Octobre, le nombre le plus \u00e9lev\u00e9 pour une seule communaut\u00e9. Sur les 251 personnes enlev\u00e9es en Isra\u00ebl au cours du<a href=\"http:\/\/www.lefigaro.fr\/international\/bombardements-crise-humanitaire-negociations-incertaines-a-gaza-plus-de-600-jours-depuis-le-7-octobre-2023-20250529\" target=\"_blank\" data-fig-type=\"Article\" rel=\"noopener\" data-gtm-custom-categorie=\"navigation\" data-gtm-custom-action=\"crossclick\" data-gtm-custom-label=\"Contextuel\" data-gtm-event=\"customEventSPE\" data-fig-domain=\"LEFIGARO\">\u00a07-Octobre<\/a>, 54 sont encore retenues \u00e0 Gaza, dont 32 d\u00e9clar\u00e9es mortes par l\u2019arm\u00e9e isra\u00e9lienne.<\/p>\n","protected":false},"excerpt":{"rendered":"Yair Yaakov avait \u00e9t\u00e9 tu\u00e9 le 7-Octobre lors de l\u2019op\u00e9ration men\u00e9e par le Hamas. Son corps avait \u00e9t\u00e9&hellip;\n","protected":false},"author":2,"featured_media":169627,"comment_status":"","ping_status":"","sticky":false,"template":"","format":"standard","meta":{"footnotes":""},"categories":[5],"tags":[259,11,260,1011,27,3519,14,664,261,12,19141,262,28],"class_list":{"0":"post-169626","1":"post","2":"type-post","3":"status-publish","4":"format-standard","5":"has-post-thumbnail","7":"category-international","8":"tag-actualite-internationale","9":"tag-actualites","10":"tag-affaires-etrangeres","11":"tag-fr","12":"tag-france","13":"tag-hamas","14":"tag-international","15":"tag-israel","16":"tag-ministere-des-affaires-etrangeres","17":"tag-news","18":"tag-otages","19":"tag-politique-etrangere","20":"tag-world"},"share_on_mastodon":{"url":"https:\/\/pubeurope.com\/@fr\/114667813881487436","error":""},"_links":{"self":[{"href":"https:\/\/www.europesays.com\/fr\/wp-json\/wp\/v2\/posts\/169626","targetHints":{"allow":["GET"]}}],"collection":[{"href":"https:\/\/www.europesays.com\/fr\/wp-json\/wp\/v2\/posts"}],"about":[{"href":"https:\/\/www.europesays.com\/fr\/wp-json\/wp\/v2\/types\/post"}],"author":[{"embeddable":true,"href":"https:\/\/www.europesays.com\/fr\/wp-json\/wp\/v2\/users\/2"}],"replies":[{"embeddable":true,"href":"https:\/\/www.europesays.com\/fr\/wp-json\/wp\/v2\/comments?post=169626"}],"version-history":[{"count":0,"href":"https:\/\/www.europesays.com\/fr\/wp-json\/wp\/v2\/posts\/169626\/revisions"}],"wp:featuredmedia":[{"embeddable":true,"href":"https:\/\/www.europesays.com\/fr\/wp-json\/wp\/v2\/media\/169627"}],"wp:attachment":[{"href":"https:\/\/www.europesays.com\/fr\/wp-json\/wp\/v2\/media?parent=169626"}],"wp:term":[{"taxonomy":"category","embeddable":true,"href":"https:\/\/www.europesays.com\/fr\/wp-json\/wp\/v2\/categories?post=169626"},{"taxonomy":"post_tag","embeddable":true,"href":"https:\/\/www.europesays.com\/fr\/wp-json\/wp\/v2\/tags?post=169626"}],"curies":[{"name":"wp","href":"https:\/\/api.w.org\/{rel}","templated":true}]}}