{"id":169628,"date":"2025-06-12T01:32:13","date_gmt":"2025-06-12T01:32:13","guid":{"rendered":"https:\/\/www.europesays.com\/fr\/169628\/"},"modified":"2025-06-12T01:32:13","modified_gmt":"2025-06-12T01:32:13","slug":"lemission-avec-macron-sur-france-2-accuse-une-audience-calamiteuse","status":"publish","type":"post","link":"https:\/\/www.europesays.com\/fr\/169628\/","title":{"rendered":"L\u2019\u00e9mission avec Macron sur France 2 accuse une audience calamiteuse"},"content":{"rendered":"<p>        <img decoding=\"async\" loading=\"lazy\" src=\"https:\/\/www.europesays.com\/fr\/wp-content\/uploads\/2025\/06\/2f09a8e_upload-1-app25uwgzsq4-000-49ut6dy.jpg\"  width=\"728\" height=\"409\" alt=\"Emmanuel Macron sur plateau de France 2\u00a0ce mardi 10\u00a0juin.\"\/>  <\/p>\n<p>SEBASTIEN BOZON \/ AFP<\/p>\n<p>Emmanuel Macron sur plateau de France 2\u00a0ce mardi 10\u00a0juin.<\/p>\n<p class=\"asset asset-text\">POLITIQUE &#8211; Les enjeux pr\u00e9sent\u00e9s sont plus qu\u2019importants. Mais leur \u00e9cho t\u00e9l\u00e9visuel l\u2019est beaucoup moins. Ce mardi 10\u00a0juin, <a href=\"https:\/\/www.huffingtonpost.fr\/politique\/video\/cette-question-d-hugo-clement-sur-christophe-castaner-n-a-pas-du-tout-plu-a-emmanuel-macron-sur-france-2_251180.html\" rel=\"nofollow noopener\" target=\"_blank\">l\u2019\u00e9mission consacr\u00e9e<\/a> \u00e0 la protection des <a href=\"https:\/\/www.huffingtonpost.fr\/environnement\/article\/le-premier-bulletin-du-barometre-starfish-sur-l-etat-des-oceans-n-est-guere-reluisant_251081.html\" rel=\"nofollow noopener\" target=\"_blank\">oc\u00e9ans<\/a>\u00a0sur France 2, et \u00e0 laquelle a particip\u00e9 <a href=\"https:\/\/www.huffingtonpost.fr\/politique\/article\/emmanuel-macron-condamne-a-commenter-le-delitement-de-son-bilan-ecologique_251155.html\" rel=\"nofollow noopener\" target=\"_blank\">Emmanuel Macron<\/a>, a r\u00e9uni 1,57\u00a0million de t\u00e9l\u00e9spectateurs en moyenne, selon les chiffres de M\u00e9diam\u00e9trie r\u00e9v\u00e9l\u00e9 ce mercredi 11\u00a0juin.<\/p>\n<p class=\"asset asset-text\">Soit 9,1\u00a0% de part d\u2019audience (PDA), ce qui constitue un score bien inf\u00e9rieur aux interventions t\u00e9l\u00e9visuelles du chef de l\u2019\u00c9tat. L\u2019\u00e9mission a \u00e9t\u00e9 moins regard\u00e9e que la s\u00e9rie polici\u00e8re Bellefond\u00a0avec St\u00e9phane Bern sur France 3 (3,3\u00a0millions de t\u00e9l\u00e9spectateurs, 19\u00a0% de PDA) et que le jeu Koh Lanta sur TF1 (3\u00a0millions de t\u00e9l\u00e9spectateurs, 16,9\u00a0% de PDA).<\/p>\n<p class=\"asset asset-text\">Le 13\u00a0mai, pr\u00e8s de 5\u00a0millions de t\u00e9l\u00e9spectateurs en moyenne (27,8\u00a0% de PDA) avaient regard\u00e9 l\u2019intervention d\u2019Emmanuel Macron lors d\u2019une \u00e9mission sp\u00e9ciale sur TF1, format traditionnellement moins suivi que les allocutions solennelles lors d\u2019\u00e9v\u00e9nements exceptionnels.<\/p>\n<p class=\"asset asset-text\">Le 5\u00a0mars, la pr\u00e9c\u00e9dente intervention pr\u00e9sidentielle, consacr\u00e9e \u00e0 la situation internationale, avait \u00e9t\u00e9 suivie par plus de 15\u00a0millions de t\u00e9l\u00e9spectateurs sur TF1, France 2, M6, TMC, LCP et les quatre cha\u00eenes info, BFMTV, CNews, LCI et franceinfo (71,6\u00a0% de PDA, toutes cha\u00eenes confondues).<\/p>\n<p>                     4,8\u00a0millions pour Bayrou    <\/p>\n<p class=\"asset asset-text\">Diffus\u00e9e mardi \u00e0 partir de 20\u00a0h\u00a020, l\u2019\u00e9mission \u00ab\u00a0Urgence oc\u00e9an\u00a0: un sommet pour tout changer\u00a0\u00bb \u00e9tait le point d\u2019orgue d\u2019une s\u00e9quence lors de laquelle Emmanuel Macron s\u2019est fait porte-parole de la cause des oc\u00e9ans \u00e0 Monaco puis \u00e0 Nice, pour une conf\u00e9rence internationale de l\u2019ONU qu\u2019il copr\u00e9sidait avec le Costa Rica.<\/p>\n<p class=\"asset asset-text\">Pendant pr\u00e8s de 2\u00a0h\u00a030, sur un plateau install\u00e9 sur la Promenade des Anglais, il a r\u00e9pondu aux questions des pr\u00e9sentateurs, L\u00e9a Salam\u00e9 et Hugo Cl\u00e9ment, et dialogu\u00e9 avec plusieurs intervenants, donc l\u2019astronaute Thomas Pesquet et le militant \u00e9cologiste am\u00e9ricano-canadien <a href=\"https:\/\/www.huffingtonpost.fr\/environnement\/video\/paul-watson-chaleureusement-applaudi-pour-son-arrivee-en-france-a-l-aeroport-roissy-charles-de-gaulle_243868.html\" rel=\"nofollow noopener\" target=\"_blank\">Paul Watson<\/a>.<\/p>\n<p class=\"asset asset-text\">Par ailleurs, quelque 4,8\u00a0millions de t\u00e9l\u00e9spectateurs (28,6\u00a0% de PDA) ont suivi l\u2019interview du Premier ministre Fran\u00e7ois Bayrou dans le 20-Heures de TF1. Pendant 10 minutes, il a notamment \u00e9t\u00e9 interrog\u00e9 sur l\u2019agression mortelle d\u2019une surveillante par un coll\u00e9gien de 14\u00a0ans.<\/p>\n","protected":false},"excerpt":{"rendered":"SEBASTIEN BOZON \/ AFP Emmanuel Macron sur plateau de France 2\u00a0ce mardi 10\u00a0juin. POLITIQUE &#8211; Les enjeux pr\u00e9sent\u00e9s&hellip;\n","protected":false},"author":2,"featured_media":169629,"comment_status":"","ping_status":"","sticky":false,"template":"","format":"standard","meta":{"footnotes":""},"categories":[4],"tags":[11,1073,1011,27,594,500,12,316,25],"class_list":{"0":"post-169628","1":"post","2":"type-post","3":"status-publish","4":"format-standard","5":"has-post-thumbnail","7":"category-france","8":"tag-actualites","9":"tag-emmanuel-macron","10":"tag-fr","11":"tag-france","12":"tag-france-2","13":"tag-medias","14":"tag-news","15":"tag-politique","16":"tag-republique-francaise"},"share_on_mastodon":{"url":"https:\/\/pubeurope.com\/@fr\/114667817769865307","error":""},"_links":{"self":[{"href":"https:\/\/www.europesays.com\/fr\/wp-json\/wp\/v2\/posts\/169628","targetHints":{"allow":["GET"]}}],"collection":[{"href":"https:\/\/www.europesays.com\/fr\/wp-json\/wp\/v2\/posts"}],"about":[{"href":"https:\/\/www.europesays.com\/fr\/wp-json\/wp\/v2\/types\/post"}],"author":[{"embeddable":true,"href":"https:\/\/www.europesays.com\/fr\/wp-json\/wp\/v2\/users\/2"}],"replies":[{"embeddable":true,"href":"https:\/\/www.europesays.com\/fr\/wp-json\/wp\/v2\/comments?post=169628"}],"version-history":[{"count":0,"href":"https:\/\/www.europesays.com\/fr\/wp-json\/wp\/v2\/posts\/169628\/revisions"}],"wp:featuredmedia":[{"embeddable":true,"href":"https:\/\/www.europesays.com\/fr\/wp-json\/wp\/v2\/media\/169629"}],"wp:attachment":[{"href":"https:\/\/www.europesays.com\/fr\/wp-json\/wp\/v2\/media?parent=169628"}],"wp:term":[{"taxonomy":"category","embeddable":true,"href":"https:\/\/www.europesays.com\/fr\/wp-json\/wp\/v2\/categories?post=169628"},{"taxonomy":"post_tag","embeddable":true,"href":"https:\/\/www.europesays.com\/fr\/wp-json\/wp\/v2\/tags?post=169628"}],"curies":[{"name":"wp","href":"https:\/\/api.w.org\/{rel}","templated":true}]}}