{"id":169630,"date":"2025-06-12T01:33:15","date_gmt":"2025-06-12T01:33:15","guid":{"rendered":"https:\/\/www.europesays.com\/fr\/169630\/"},"modified":"2025-06-12T01:33:15","modified_gmt":"2025-06-12T01:33:15","slug":"un-meurtre-sans-regret-ni-compassion-liberation","status":"publish","type":"post","link":"https:\/\/www.europesays.com\/fr\/169630\/","title":{"rendered":"un meurtre \u00absans regret, ni compassion\u00bb \u2013 Lib\u00e9ration"},"content":{"rendered":"<p class=\"sc-ksZaOG ehjQrN text-element\">Pas d\u2019\u00e9motion, ni d\u2019empathie. Lors de sa conf\u00e9rence de presse, ce mercredi 11 juin, le procureur de la R\u00e9publique de Chaumont, Denis Devallois, a livr\u00e9 un portrait gla\u00e7ant de l\u2019adolescent soup\u00e7onn\u00e9 <a href=\"https:\/\/www.liberation.fr\/societe\/a-nogent-la-sideration-apres-le-meurtre-dune-surveillante-par-un-collegien-il-ny-a-jamais-eu-de-debordements-ici-20250610_FD5TVM53Q5FDNEAFOXIOL3OQWE\/\" target=\"_blank\" rel=\"noopener\" title=\"https:\/\/www.liberation.fr\/societe\/a-nogent-la-sideration-apres-le-meurtre-dune-surveillante-par-un-collegien-il-ny-a-jamais-eu-de-debordements-ici-20250610_FD5TVM53Q5FDNEAFOXIOL3OQWE\/\">d\u2019avoir tu\u00e9 une surveillante \u00e0 coups de couteau<\/a>, mardi matin, devant le coll\u00e8ge Fran\u00e7oise-Dolto de Nogent (Haute-Marne). Le coll\u00e9gien de 14 ans, plac\u00e9 en garde \u00e0 vue imm\u00e9diatement apr\u00e8s les faits, a reconnu \u00eatre l\u2019auteur, tout en d\u00e9clarant \u00abne pas pouvoir l\u2019expliquer v\u00e9ritablement\u00bb. Le jeune homme voulait \u00abs\u2019en prendre \u00e0 une surveillante\u00bb, sans cibler sa victime, M\u00e9lanie, 31 ans, \u00abcontre laquelle il n\u2019avait aucun grief\u00bb.<\/p>\n<p class=\"sc-ksZaOG ehjQrN text-element\">Mardi, alors qu\u2019une fouille al\u00e9atoire des sacs est men\u00e9e par les gendarmes devant l\u2019\u00e9tablissement entre 8h15 et 8h30, l\u2019\u00e9l\u00e8ve de troisi\u00e8me sort de son sac un couteau de cuisine emport\u00e9 de chez lui. Il poignarde alors \u00e0 sept reprises l\u2019assistante d\u2019\u00e9ducation qui se tient \u00e0 l\u2019entr\u00e9e. Il avait choisi, le matin m\u00eame dans la cuisine familiale, le plus gros couteau \u2013 34 centim\u00e8tres, avec une lame d\u2019une longueur de 20 centim\u00e8tres \u2013 \u00abpour faire<\/p>\n","protected":false},"excerpt":{"rendered":"Pas d\u2019\u00e9motion, ni d\u2019empathie. Lors de sa conf\u00e9rence de presse, ce mercredi 11 juin, le procureur de la&hellip;\n","protected":false},"author":2,"featured_media":169631,"comment_status":"","ping_status":"","sticky":false,"template":"","format":"standard","meta":{"footnotes":""},"categories":[2],"tags":[11,1011,27,28275,12,10228],"class_list":{"0":"post-169630","1":"post","2":"type-post","3":"status-publish","4":"format-standard","5":"has-post-thumbnail","7":"category-actualites","8":"tag-actualites","9":"tag-fr","10":"tag-france","11":"tag-ministere-de-l-education-nationale","12":"tag-news","13":"tag-protection-de-l-enfance"},"share_on_mastodon":{"url":"https:\/\/pubeurope.com\/@fr\/114667821623770814","error":""},"_links":{"self":[{"href":"https:\/\/www.europesays.com\/fr\/wp-json\/wp\/v2\/posts\/169630","targetHints":{"allow":["GET"]}}],"collection":[{"href":"https:\/\/www.europesays.com\/fr\/wp-json\/wp\/v2\/posts"}],"about":[{"href":"https:\/\/www.europesays.com\/fr\/wp-json\/wp\/v2\/types\/post"}],"author":[{"embeddable":true,"href":"https:\/\/www.europesays.com\/fr\/wp-json\/wp\/v2\/users\/2"}],"replies":[{"embeddable":true,"href":"https:\/\/www.europesays.com\/fr\/wp-json\/wp\/v2\/comments?post=169630"}],"version-history":[{"count":0,"href":"https:\/\/www.europesays.com\/fr\/wp-json\/wp\/v2\/posts\/169630\/revisions"}],"wp:featuredmedia":[{"embeddable":true,"href":"https:\/\/www.europesays.com\/fr\/wp-json\/wp\/v2\/media\/169631"}],"wp:attachment":[{"href":"https:\/\/www.europesays.com\/fr\/wp-json\/wp\/v2\/media?parent=169630"}],"wp:term":[{"taxonomy":"category","embeddable":true,"href":"https:\/\/www.europesays.com\/fr\/wp-json\/wp\/v2\/categories?post=169630"},{"taxonomy":"post_tag","embeddable":true,"href":"https:\/\/www.europesays.com\/fr\/wp-json\/wp\/v2\/tags?post=169630"}],"curies":[{"name":"wp","href":"https:\/\/api.w.org\/{rel}","templated":true}]}}