{"id":169632,"date":"2025-06-12T01:35:23","date_gmt":"2025-06-12T01:35:23","guid":{"rendered":"https:\/\/www.europesays.com\/fr\/169632\/"},"modified":"2025-06-12T01:35:23","modified_gmt":"2025-06-12T01:35:23","slug":"saint-etienne-en-bresse-un-moment-de-convivialite-au-rythme-des-chansons-de-renaud","status":"publish","type":"post","link":"https:\/\/www.europesays.com\/fr\/169632\/","title":{"rendered":"Saint-\u00c9tienne-en-Bresse. Un moment de convivialit\u00e9 au rythme des chansons de Renaud"},"content":{"rendered":"<p>Cr\u00e9\u00e9e en 2024, l\u2019association FMR a pour objectif de donner de la vie \u00e0 Saint-\u00c9tienne-en-Bresse en cr\u00e9ant des moments de convivialit\u00e9 tout en amenant les gens \u00e0 se rencontrer ou se retrouver, et surtout partager de bons moments. Un rendez-vous mensuel est programm\u00e9 le samedi de 10\u00a0h \u00e0 14\u00a0h avec buvette et petite restauration. Malgr\u00e9 la pluie et un public peu nombreux, celui de samedi avait un plus\u00a0: le groupe musical Rouge Gorge qui a propos\u00e9 de se balader \u00e0 travers toutes les \u00e9poques du chanteur Renaud.<\/p>\n","protected":false},"excerpt":{"rendered":"Cr\u00e9\u00e9e en 2024, l\u2019association FMR a pour objectif de donner de la vie \u00e0 Saint-\u00c9tienne-en-Bresse en cr\u00e9ant des&hellip;\n","protected":false},"author":2,"featured_media":169633,"comment_status":"","ping_status":"","sticky":false,"template":"","format":"standard","meta":{"footnotes":""},"categories":[9653],"tags":[1111,11,2430,1687,6238,1777,674,107,1011,27,17760,873,12,25,4001,17759],"class_list":{"0":"post-169632","1":"post","2":"type-post","3":"status-publish","4":"format-standard","5":"has-post-thumbnail","7":"category-saint-etienne","8":"tag-actu","9":"tag-actualites","10":"tag-auvergne-rhone-alpes","11":"tag-culture-loisirs","12":"tag-edition-bresse","13":"tag-eu","14":"tag-europe","15":"tag-fil-info","16":"tag-fr","17":"tag-france","18":"tag-louhans-bassin","19":"tag-musique","20":"tag-news","21":"tag-republique-francaise","22":"tag-saint-etienne","23":"tag-saint-etienne-en-bresse"},"share_on_mastodon":{"url":"https:\/\/pubeurope.com\/@fr\/114667829598428205","error":""},"_links":{"self":[{"href":"https:\/\/www.europesays.com\/fr\/wp-json\/wp\/v2\/posts\/169632","targetHints":{"allow":["GET"]}}],"collection":[{"href":"https:\/\/www.europesays.com\/fr\/wp-json\/wp\/v2\/posts"}],"about":[{"href":"https:\/\/www.europesays.com\/fr\/wp-json\/wp\/v2\/types\/post"}],"author":[{"embeddable":true,"href":"https:\/\/www.europesays.com\/fr\/wp-json\/wp\/v2\/users\/2"}],"replies":[{"embeddable":true,"href":"https:\/\/www.europesays.com\/fr\/wp-json\/wp\/v2\/comments?post=169632"}],"version-history":[{"count":0,"href":"https:\/\/www.europesays.com\/fr\/wp-json\/wp\/v2\/posts\/169632\/revisions"}],"wp:featuredmedia":[{"embeddable":true,"href":"https:\/\/www.europesays.com\/fr\/wp-json\/wp\/v2\/media\/169633"}],"wp:attachment":[{"href":"https:\/\/www.europesays.com\/fr\/wp-json\/wp\/v2\/media?parent=169632"}],"wp:term":[{"taxonomy":"category","embeddable":true,"href":"https:\/\/www.europesays.com\/fr\/wp-json\/wp\/v2\/categories?post=169632"},{"taxonomy":"post_tag","embeddable":true,"href":"https:\/\/www.europesays.com\/fr\/wp-json\/wp\/v2\/tags?post=169632"}],"curies":[{"name":"wp","href":"https:\/\/api.w.org\/{rel}","templated":true}]}}