{"id":169634,"date":"2025-06-12T01:36:05","date_gmt":"2025-06-12T01:36:05","guid":{"rendered":"https:\/\/www.europesays.com\/fr\/169634\/"},"modified":"2025-06-12T01:36:05","modified_gmt":"2025-06-12T01:36:05","slug":"des-assistants-deducation-en-premiere-ligne-racontent-leur-quotidien-ardu","status":"publish","type":"post","link":"https:\/\/www.europesays.com\/fr\/169634\/","title":{"rendered":"des assistants d\u2019\u00e9ducation, \u00ab\u00a0en premi\u00e8re ligne\u00a0\u00bb, racontent leur quotidien ardu"},"content":{"rendered":"<p>\u00ab\u00a0Nous sommes en premi\u00e8re ligne face aux \u00e9l\u00e8ves, car nous g\u00e9rons les entr\u00e9es et sorties au portail, surveillons la cour, les couloirs, le self\u2026\u00a0\u00bb, explique St\u00e9phanie, 32 ans, assistante d\u2019\u00e9ducation (AED) \u00e0 M\u00e2con (Sa\u00f4ne-et-Loire). La mort de M\u00e9lanie G., la <a href=\"https:\/\/www.republicain-lorrain.fr\/faits-divers-justice\/2025\/06\/11\/surveillante-tuee-ce-qu-il-faut-retenir-de-la-conference-de-presse-du-procureur\" target=\"_blank\" rel=\"noopener\">surveillante tu\u00e9e mardi \u00e0 Nogent (Haute-Marne) par un jeune de 14 ans<\/a>, a mis cette fonction au-devant de l\u2019actualit\u00e9. Une profession pr\u00e9caire (55\u00a0% des AED sont \u00e0 temps partiel et la plupart en CDD) et expos\u00e9e. Les AED sont charg\u00e9s de l\u2019encadrement et de la s\u00e9curit\u00e9 des \u00e9l\u00e8ves, mais aussi de la gestion des absences et retards ou de l\u2019appui aux projets p\u00e9dagogiques. \u00ab\u00a0Nous exer\u00e7ons un r\u00f4le central\u00a0: nous sommes \u00e0 la fois \u00e9ducateurs, animateurs, m\u00e9diateurs, parfois infirmiers ou psychologues de terrain\u00a0\u00bb, r\u00e9sume Juliette, 25 ans, de Beire-le-Ch\u00e2tel (C\u00f4te-d\u2019Or).<\/p>\n<p>C\u2019est dire si les AED connaissent bien les \u00e9l\u00e8ves, comme peuvent en t\u00e9moigner Juju et Caro, 32 et 42 ans, AED \u00e0 Saint-Sernin-du-Bois (Sa\u00f4ne-et-Loire)\u00a0: \u00ab\u00a0Nous sommes comme des mamans, des grandes s\u0153urs, des confidentes\u2026 Nous les connaissons tous individuellement, \u00e9tant dans un coll\u00e8ge rural avec moins de 350 \u00e9l\u00e8ves de 8\u00a0h\u00a015 jusqu\u2019\u00e0 17\u00a0h\u00a015.\u00a0\u00bb \u00ab\u00a0On est toujours l\u00e0 pour les \u00e9l\u00e8ves\u00a0\u00bb, raconte aussi Virginie, 45 ans, AED dans le Doubs. \u00ab On oriente les \u00e9l\u00e8ves en cas de coups de blues, on met des mots sur leurs blessures.\u00a0\u00bb<\/p>\n<p>Une proximit\u00e9 qui n\u2019emp\u00eache pas de rencontrer des difficult\u00e9s avec certains \u00e9l\u00e8ves, comme en t\u00e9moigne Aur\u00e9lie, 43 ans, d\u2019Anost (Sa\u00f4ne-et-Loire)\u00a0: \u00ab\u00a0Une petite partie d\u2019entre eux est irrespectueuse vis-\u00e0-vis du personnel et des locaux.\u00a0\u00bb C\u00e9cile, 34 ans, de Colombe (Is\u00e8re) constate aussi qu\u2019\u00ab\u00a0une minorit\u00e9 d\u2019\u00e9l\u00e8ves, qui devient de plus en plus importante, n\u2019a aucune limite\u00a0\u00bb. \u00ab\u00a0Ils n\u2019ont m\u00eame pas peur des gendarmes, les rapports d\u2019incidents, cela ne leur fait rien, car ce n&rsquo;est pas marqu\u00e9 dans le bulletin scolaire.\u00a0\u00bb<\/p>\n<p>\u00ab\u00a0Les \u00e9l\u00e8ves ne nous \u00e9coutent pas\u00a0\u00bb<\/p>\n<p>Si les AED ont d\u2019abord des missions \u00e9ducatives, dans le cadre de la vie scolaire, \u00ab\u00a0petit \u00e0 petit on a vu des tentatives de les faire glisser quasiment vers des missions de vigiles\u00a0\u00bb, estime Sophie V\u00e9n\u00e9titay, secr\u00e9taire g\u00e9n\u00e9rale du Snes-FSU, premier syndicat des coll\u00e8ges et lyc\u00e9es. Ce qui a rendu plus difficiles leurs conditions d\u2019exercice, selon la syndicaliste. Le plus complexe pour St\u00e9phanie\u00a0: \u00ab\u00a0La gestion des conflits entre \u00e9l\u00e8ves et de ceux qui ne veulent plus aller en cours.\u00a0\u00bb<\/p>\n<p>Certains AED se sentent d\u00e9munis, comme Jennifer, 34 ans, de Ferney-Voltaire (Ain)\u00a0: \u00ab\u00a0Les \u00e9l\u00e8ves ne nous \u00e9coutent pas, n\u2019ont peur de rien, nous menacent m\u00eame.\u00a0\u00bb \u00ab\u00a0Il n\u2019est pas rare d\u2019\u00eatre presque front \u00e0 front avec un \u00e9l\u00e8ve car on lui a juste demand\u00e9 de retirer sa casquette. Si nous rapportons une b\u00eatise qu\u2019ils ont faite, il arrive qu\u2019ils viennent nous dire \u201cpourquoi tu es all\u00e9e ouvrir ta bouche\u00a0?\u201d \u00bb Un sentiment d\u2019impunit\u00e9 qu\u2019a observ\u00e9 aussi Juliette\u00a0de Beire-le-Ch\u00e2tel (C\u00f4te-d\u2019Or) : \u00ab\u00a0Lorsqu\u2019une sanction est donn\u00e9e, elle est r\u00e9guli\u00e8rement per\u00e7ue comme injustifi\u00e9e parce qu\u2019elle \u00e9mane de nous. Les contestations sont fr\u00e9quentes\u00a0: appels, mails, visites de parents\u2026 Cette mise en doute permanente rend notre mission tr\u00e8s compliqu\u00e9e\u00a0\u00bb, confie-t-elle.<\/p>\n<p>  \u00ab\u00a0Nous ne sommes pas assez nombreux\u00a0\u00bb<\/p>\n<p>Les AED croulent parfois sous la t\u00e2che\u00a0: \u00ab\u00a0Nous ne sommes pas assez nombreux pour le nombre d\u2019\u00e9l\u00e8ves. Dans l\u2019\u00e9tablissement, on compte 100 \u00e9l\u00e8ves pour une AED\u00a0\u00bb, d\u00e9crit Jennifer. \u00c0 la rentr\u00e9e 2024, on comptait 63\u00a0000 AED, 3\u00a0000 de plus qu\u2019il y a 10 ans. \u00ab\u00a0Les contraintes budg\u00e9taires font que depuis quelques ann\u00e9es, les dotations se r\u00e9duisent\u00a0\u00bb pour couvrir \u00ab <a href=\"https:\/\/www.republicain-lorrain.fr\/education\/2025\/06\/10\/surveillante-tuee-les-syndicats-reclament-plus-de-moyens-pour-veiller-a-la-sante-mentale-des-eleves\" target=\"_blank\" rel=\"noopener\">les besoins en postes d\u2019AED<\/a> \u00bb, regrette Caroline Briot, responsable vie scolaire au SE-Unsa. \u00ab\u00a0Nous ne sommes jamais assez nombreux pour nous occuper des \u00e9l\u00e8ves, surtout pendant la pause m\u00e9ridienne\u00a0\u00bb, confirme C\u00e9cile, de Colombe (Is\u00e8re).<\/p>\n<p>Et face \u00e0 ces difficult\u00e9s, les AED ne se sentent pas toujours \u00e9paul\u00e9s par leur hi\u00e9rarchie. \u00ab\u00a0Aucun soutien face aux difficult\u00e9s, aucun soutien des parents, on est les boniches de l\u2019\u00c9ducation nationale, personne ne nous aide\u00a0!\u00a0\u00bb, s\u2019emporte Oriane, 24 ans, de Saint-Priest (Rh\u00f4ne). \u00ab\u00a0On se sent seul. La hi\u00e9rarchie prend tr\u00e8s peu de sanctions\u00a0\u00bb, rench\u00e9rit C\u00e9cile. \u00ab\u00a0J\u2019ai tr\u00e8s souvent le sentiment que nous sommes les derniers maillons de la cha\u00eene pour certains, que notre travail n\u2019est pas difficile\u00a0\u00bb, indique St\u00e9phanie. Des paroles qui auront sans doute un \u00e9cho particulier en raison du contexte.<\/p>\n","protected":false},"excerpt":{"rendered":"\u00ab\u00a0Nous sommes en premi\u00e8re ligne face aux \u00e9l\u00e8ves, car nous g\u00e9rons les entr\u00e9es et sorties au portail, surveillons&hellip;\n","protected":false},"author":2,"featured_media":169635,"comment_status":"","ping_status":"","sticky":false,"template":"","format":"standard","meta":{"footnotes":""},"categories":[9635],"tags":[1111,11,3599,271,272,1057,1777,674,274,107,1011,27,329,775,1702,12,25],"class_list":{"0":"post-169634","1":"post","2":"type-post","3":"status-publish","4":"format-standard","5":"has-post-thumbnail","7":"category-nancy","8":"tag-actu","9":"tag-actualites","10":"tag-college-lycee","11":"tag-crime","12":"tag-delit-et-contravention","13":"tag-education","14":"tag-eu","15":"tag-europe","16":"tag-faits-divers-justice","17":"tag-fil-info","18":"tag-fr","19":"tag-france","20":"tag-france-monde","21":"tag-grand-est","22":"tag-nancy","23":"tag-news","24":"tag-republique-francaise"},"share_on_mastodon":{"url":"https:\/\/pubeurope.com\/@fr\/114667833452191706","error":""},"_links":{"self":[{"href":"https:\/\/www.europesays.com\/fr\/wp-json\/wp\/v2\/posts\/169634","targetHints":{"allow":["GET"]}}],"collection":[{"href":"https:\/\/www.europesays.com\/fr\/wp-json\/wp\/v2\/posts"}],"about":[{"href":"https:\/\/www.europesays.com\/fr\/wp-json\/wp\/v2\/types\/post"}],"author":[{"embeddable":true,"href":"https:\/\/www.europesays.com\/fr\/wp-json\/wp\/v2\/users\/2"}],"replies":[{"embeddable":true,"href":"https:\/\/www.europesays.com\/fr\/wp-json\/wp\/v2\/comments?post=169634"}],"version-history":[{"count":0,"href":"https:\/\/www.europesays.com\/fr\/wp-json\/wp\/v2\/posts\/169634\/revisions"}],"wp:featuredmedia":[{"embeddable":true,"href":"https:\/\/www.europesays.com\/fr\/wp-json\/wp\/v2\/media\/169635"}],"wp:attachment":[{"href":"https:\/\/www.europesays.com\/fr\/wp-json\/wp\/v2\/media?parent=169634"}],"wp:term":[{"taxonomy":"category","embeddable":true,"href":"https:\/\/www.europesays.com\/fr\/wp-json\/wp\/v2\/categories?post=169634"},{"taxonomy":"post_tag","embeddable":true,"href":"https:\/\/www.europesays.com\/fr\/wp-json\/wp\/v2\/tags?post=169634"}],"curies":[{"name":"wp","href":"https:\/\/api.w.org\/{rel}","templated":true}]}}