{"id":169636,"date":"2025-06-12T01:37:08","date_gmt":"2025-06-12T01:37:08","guid":{"rendered":"https:\/\/www.europesays.com\/fr\/169636\/"},"modified":"2025-06-12T01:37:08","modified_gmt":"2025-06-12T01:37:08","slug":"maxeville-un-match-entre-le-club-de-football-et-les-personnels-municipaux","status":"publish","type":"post","link":"https:\/\/www.europesays.com\/fr\/169636\/","title":{"rendered":"Max\u00e9ville. Un match entre le club de football et les personnels municipaux"},"content":{"rendered":"<p>Un match amical a oppos\u00e9, dimanche 8\u00a0juin, les joueurs du Max\u00e9ville Football Club \u00e0 une \u00e9quipe compos\u00e9e d\u2019\u00e9lus et d\u2019agents municipaux. C\u2019est dans une tr\u00e8s bonne ambiance sportive que le club local s\u2019est impos\u00e9 5 buts \u00e0 4.<\/p>\n<p>L\u2019\u00e9quipe des municipaux comptait une seule repr\u00e9sentante f\u00e9minine, Anita, stagiaire en mairie, qui s\u2019est illustr\u00e9e en marquant un but.<\/p>\n<p>Un certain Christophe C en a marqu\u00e9 2\u00a0!<\/p>\n","protected":false},"excerpt":{"rendered":"Un match amical a oppos\u00e9, dimanche 8\u00a0juin, les joueurs du Max\u00e9ville Football Club \u00e0 une \u00e9quipe compos\u00e9e d\u2019\u00e9lus&hellip;\n","protected":false},"author":2,"featured_media":169637,"comment_status":"","ping_status":"","sticky":false,"template":"","format":"standard","meta":{"footnotes":""},"categories":[9635],"tags":[1111,11,1687,1704,1777,674,1011,27,775,10061,10262,1702,12,25],"class_list":{"0":"post-169636","1":"post","2":"type-post","3":"status-publish","4":"format-standard","5":"has-post-thumbnail","7":"category-nancy","8":"tag-actu","9":"tag-actualites","10":"tag-culture-loisirs","11":"tag-edition-nancy-et-agglomeration","12":"tag-eu","13":"tag-europe","14":"tag-fr","15":"tag-france","16":"tag-grand-est","17":"tag-maxeville","18":"tag-metropole-du-grand-nancy-54b5","19":"tag-nancy","20":"tag-news","21":"tag-republique-francaise"},"share_on_mastodon":{"url":"https:\/\/pubeurope.com\/@fr\/114667837427019030","error":""},"_links":{"self":[{"href":"https:\/\/www.europesays.com\/fr\/wp-json\/wp\/v2\/posts\/169636","targetHints":{"allow":["GET"]}}],"collection":[{"href":"https:\/\/www.europesays.com\/fr\/wp-json\/wp\/v2\/posts"}],"about":[{"href":"https:\/\/www.europesays.com\/fr\/wp-json\/wp\/v2\/types\/post"}],"author":[{"embeddable":true,"href":"https:\/\/www.europesays.com\/fr\/wp-json\/wp\/v2\/users\/2"}],"replies":[{"embeddable":true,"href":"https:\/\/www.europesays.com\/fr\/wp-json\/wp\/v2\/comments?post=169636"}],"version-history":[{"count":0,"href":"https:\/\/www.europesays.com\/fr\/wp-json\/wp\/v2\/posts\/169636\/revisions"}],"wp:featuredmedia":[{"embeddable":true,"href":"https:\/\/www.europesays.com\/fr\/wp-json\/wp\/v2\/media\/169637"}],"wp:attachment":[{"href":"https:\/\/www.europesays.com\/fr\/wp-json\/wp\/v2\/media?parent=169636"}],"wp:term":[{"taxonomy":"category","embeddable":true,"href":"https:\/\/www.europesays.com\/fr\/wp-json\/wp\/v2\/categories?post=169636"},{"taxonomy":"post_tag","embeddable":true,"href":"https:\/\/www.europesays.com\/fr\/wp-json\/wp\/v2\/tags?post=169636"}],"curies":[{"name":"wp","href":"https:\/\/api.w.org\/{rel}","templated":true}]}}