{"id":169638,"date":"2025-06-12T01:38:03","date_gmt":"2025-06-12T01:38:03","guid":{"rendered":"https:\/\/www.europesays.com\/fr\/169638\/"},"modified":"2025-06-12T01:38:03","modified_gmt":"2025-06-12T01:38:03","slug":"un-quartier-de-salon-de-provence-boucle-en-raison-dune-fuite-de-gaz","status":"publish","type":"post","link":"https:\/\/www.europesays.com\/fr\/169638\/","title":{"rendered":"Un quartier de Salon-de-Provence boucl\u00e9 en raison d\u2019une fuite de gaz"},"content":{"rendered":"<p>Une importante <a href=\"https:\/\/www.laprovence.com\/article\/faits-divers-justice\/239584887092315\/une-importante-fuite-de-gaz-touche-800-foyers-daix-plusieurs-dentre-eux-sont-toujours-sans-alimentation\" target=\"_blank\" rel=\"noopener\">fuite de gaz <\/a>a \u00e9t\u00e9 d\u00e9tect\u00e9e ce mercredi 11\u00a0juin 2025 en d\u00e9but de soir\u00e9e dans le centre-ville de Salon-de-Provence.<\/p>\n<p>Le sinistre, localis\u00e9 au niveau des all\u00e9es de <a href=\"https:\/\/www.laprovence.com\/article\/societe\/4555370454501914\/sans-proviseure-adjointe-au-lycee-craponne-de-salon-de-provence-parents-et-enseignants-s-inquietent\" target=\"_blank\" rel=\"noopener\">Craponne<\/a>, a n\u00e9cessit\u00e9 le bouclage du quartier par les services de police et l\u2019intervention de quelque 18 sapeurs-pompiers et une demi-douzaine d\u2019engins du Sdis 13 afin de s\u00e9curiser les lieux le temps d\u2019effectuer les r\u00e9parations.<\/p>\n<p>\u00c0 23h, les \u00e9quipes de <a href=\"https:\/\/www.laprovence.com\/article\/economie\/2049569673806715\/le-gaz-et-la-decarbonation-un-modele-davenir-pour-grdf\" target=\"_blank\" rel=\"noopener\">GrDF <\/a>\u00e9taient toujours \u00e0 pied d\u2019\u0153uvre ainsi que les sapeurs-pompiers et le p\u00e9rim\u00e8tre de s\u00e9curit\u00e9 toujours actif.<\/p>\n","protected":false},"excerpt":{"rendered":"Une importante fuite de gaz a \u00e9t\u00e9 d\u00e9tect\u00e9e ce mercredi 11\u00a0juin 2025 en d\u00e9but de soir\u00e9e dans le&hellip;\n","protected":false},"author":2,"featured_media":169639,"comment_status":"","ping_status":"","sticky":false,"template":"","format":"standard","meta":{"footnotes":""},"categories":[9619],"tags":[17,1111,11,17647,4440,1777,674,274,1011,27,7066,843,12,882,5775,13637,25,30388,2310],"class_list":{"0":"post-169638","1":"post","2":"type-post","3":"status-publish","4":"format-standard","5":"has-post-thumbnail","7":"category-toulon","8":"tag-17","9":"tag-actu","10":"tag-actualites","11":"tag-boucle","12":"tag-dune","13":"tag-eu","14":"tag-europe","15":"tag-faits-divers-justice","16":"tag-fr","17":"tag-france","18":"tag-fuite","19":"tag-gaz","20":"tag-news","21":"tag-provence-alpes-cote-dazur","22":"tag-quartier","23":"tag-raison","24":"tag-republique-francaise","25":"tag-salon-de-provence","26":"tag-toulon"},"share_on_mastodon":{"url":"https:\/\/pubeurope.com\/@fr\/114667841306492251","error":""},"_links":{"self":[{"href":"https:\/\/www.europesays.com\/fr\/wp-json\/wp\/v2\/posts\/169638","targetHints":{"allow":["GET"]}}],"collection":[{"href":"https:\/\/www.europesays.com\/fr\/wp-json\/wp\/v2\/posts"}],"about":[{"href":"https:\/\/www.europesays.com\/fr\/wp-json\/wp\/v2\/types\/post"}],"author":[{"embeddable":true,"href":"https:\/\/www.europesays.com\/fr\/wp-json\/wp\/v2\/users\/2"}],"replies":[{"embeddable":true,"href":"https:\/\/www.europesays.com\/fr\/wp-json\/wp\/v2\/comments?post=169638"}],"version-history":[{"count":0,"href":"https:\/\/www.europesays.com\/fr\/wp-json\/wp\/v2\/posts\/169638\/revisions"}],"wp:featuredmedia":[{"embeddable":true,"href":"https:\/\/www.europesays.com\/fr\/wp-json\/wp\/v2\/media\/169639"}],"wp:attachment":[{"href":"https:\/\/www.europesays.com\/fr\/wp-json\/wp\/v2\/media?parent=169638"}],"wp:term":[{"taxonomy":"category","embeddable":true,"href":"https:\/\/www.europesays.com\/fr\/wp-json\/wp\/v2\/categories?post=169638"},{"taxonomy":"post_tag","embeddable":true,"href":"https:\/\/www.europesays.com\/fr\/wp-json\/wp\/v2\/tags?post=169638"}],"curies":[{"name":"wp","href":"https:\/\/api.w.org\/{rel}","templated":true}]}}