{"id":169644,"date":"2025-06-12T01:45:12","date_gmt":"2025-06-12T01:45:12","guid":{"rendered":"https:\/\/www.europesays.com\/fr\/169644\/"},"modified":"2025-06-12T01:45:12","modified_gmt":"2025-06-12T01:45:12","slug":"les-bons-plans-max-radio-du-09-06-au-15-06","status":"publish","type":"post","link":"https:\/\/www.europesays.com\/fr\/169644\/","title":{"rendered":"Les Bons Plans Max Radio du 09\/06 au 15\/06"},"content":{"rendered":"<p>Chaque semaine, retrouvez les meilleurs bons plans de Grenoble et Chamb\u00e9ry ! <br \/>Que vous soyez \u00e0 la recherche d&rsquo;activit\u00e9s, de sorties, d&rsquo;\u00e9v\u00e9nements ou de bonnes adresses, nous vous partageons tout ce qu&rsquo;il ne faut pas manquer.<\/p>\n<p>Les Bons Plans \u00e0 Grenoble :<\/p>\n<p> <b>Rendez-vous : du 11 au 14 juin, de 9h \u00e0 13h, \u00e0 la Com\u00e9die des Alpes.<\/b><\/p>\n<p>Quand on attend un b\u00e9b\u00e9 c&rsquo;est toujours un bonheur&#8230;mais quelle panique !<\/p>\n<p>Les couches, les nuits \u00e9court\u00e9es, les biberons et le premier jour \u00e0 la cr\u00eache&#8230;que d&rsquo;aventure. Le tremblement b\u00e9b\u00e9 vient secouer la petite vie de couple bien tranquille pour le meilleur&#8230;et pour le rire. Franck et Sophie, deux jeunes trentenaires attendent leur premier enfant et croyez-moi, ils ne sont pas pr\u00eat&#8230;mais pas du tout.<br \/>Au fur et \u00e0 mesure de cette com\u00e9die le jeune couple va exp\u00e9rimenter la vie quotidienne de jeune parents&#8230;et s&rsquo;apercevoir que ce n&rsquo;est pas de tout repos. Si vous avez des enfants vous vous reconnaitrez forcement dans cette com\u00e9die familiale et d\u00e9jant\u00e9, si vous n&rsquo;en avez pas&#8230;vous saurez ce qu&rsquo;il vous attend.<\/p>\n<p><a class=\"url\" href=\"https:\/\/www.grenoble-tourisme.com\/fr\/decouvrir\/evenements\/agenda\/detail\/au-secours-on-a-un-bebe-7330894\/\" target=\"_blank\" rel=\"nofollow noopener\">En savoir plus.<\/a><\/p>\n<tr>\n<td class=\"defaut\"><a href=\"https:\/\/www.radioscoop.com\/agenda\/javascript:void(0)\" onclick=\"parent.RS.diaporama.addMedia(695536) ;\" rel=\"nofollow noopener\" target=\"_blank\"><img loading=\"lazy\" decoding=\"async\" src=\"https:\/\/www.europesays.com\/fr\/wp-content\/uploads\/2025\/06\/1749692700_792_img\" width=\"457\" height=\"640\" border=\"0\" title=\"fgef\"\/><\/a><\/td>\n<\/tr>\n<p> <b>Rendez-vous : le 12 juin, de 18h30 \u00e0 20h, \u00e0 Cosmocit\u00e9.<\/b><\/p>\n<p>Mathieu Barth\u00e9l\u00e9my, l&rsquo;un des fondateurs du Centre Spatial Universitaire de Grenoble, pr\u00e9sentera les derni\u00e8res avanc\u00e9es du transport spatial, et commentera la vid\u00e9o du d\u00e9collage de la fus\u00e9e Ariane 6.<\/p>\n<p>Communication, navigation, observation de la Terre\u2026 Le spatial transforme notre quotidien et conna\u00eet un essor sans pr\u00e9c\u00e9dent tandis que la course au retour sur la Lune et \u00e0 la conqu\u00eate de Mars s&rsquo;acc\u00e9l\u00e8re ! Au coeur de ces d\u00e9fis : le transport spatial. Face \u00e0 une demande croissante en lancements, les industries d\u00e9veloppent des technologies toujours plus performantes.<br \/>Le Centre Spatial Universitaire de Grenoble a pour ambition de devenir un acteur central dans le d\u00e9veloppement de l&rsquo;instrumentation spatiale miniaturis\u00e9e en France et en Europe. Mathieu Barth\u00e9l\u00e9my, l&rsquo;un de ses fondateurs, reviendra sur les derni\u00e8res avanc\u00e9es du transport spatial, et notamment les premiers vols de la nouvelle fus\u00e9e Ariane. Avec nous, il commentera la vid\u00e9o du d\u00e9collage d&rsquo;Ariane 6 et d&rsquo;autres images dans la salle immersive de Cosmocit\u00e9.<\/p>\n<p><a class=\"url\" href=\"https:\/\/www.grenoble-tourisme.com\/fr\/decouvrir\/evenements\/agenda\/detail\/prets-au-decollage-les-defis-du-transport-spatial-7357052\/\" target=\"_blank\" rel=\"nofollow noopener\">En savoir plus.<\/a><\/p>\n<tr>\n<td class=\"defaut\"><a href=\"https:\/\/www.radioscoop.com\/agenda\/javascript:void(0)\" onclick=\"parent.RS.diaporama.addMedia(695540) ;\" rel=\"nofollow noopener\" target=\"_blank\"><img loading=\"lazy\" decoding=\"async\" src=\"https:\/\/www.europesays.com\/fr\/wp-content\/uploads\/2025\/06\/1749692702_278_img\" width=\"457\" height=\"640\" border=\"0\" title=\"bccecv\"\/><\/a><\/td>\n<\/tr>\n<p> <b>Rendez-vous : le 14 juin, dans le centre-ville.<\/b><\/p>\n<p>Myst\u00e8res &amp; Sortil\u00e8ges revient pour une nouvelle saison avec de nouvelles \u00e9nigmes ! (Re)plongez dans l&rsquo;univers des sorciers dans ce jeu g\u00e9ant en plein air, et mettez votre r\u00e9flexion au d\u00e9fi !<\/p>\n<p>R\u00e9solvez le plus d&rsquo;\u00e9nigmes possibles au cours des 2 heures de jeu qui vous attendent.<br \/>En famille ou entre amis, retrouvez vos professeurs et r\u00e9coltez le maximum de points pour faire gagner votre maison !<br \/>Les \u00e9nigmes sont accessibles d\u00e8s 7 ans, et s&rsquo;adaptent \u00e0 votre \u00e2ge ! (Trois cat\u00e9gories sont disponibles : 7-10 ans, 11-15 ans, +16 ans)<br \/>Le jeu est encadr\u00e9 par des animateurs costum\u00e9s qui vous guideront tout le long du jeu, de votre accueil jusqu&rsquo;\u00e0 la d\u00e9lib\u00e9ration de la maison gagnante !<\/p>\n<p>Infos pratiques :<br \/>Vous n&rsquo;aurez besoin que de votre t\u00e9l\u00e9phone et de quoi \u00e9crire !<br \/>Les enfants de moins de 7 ans peuvent accompagner gratuitement, mais les \u00e9nigmes ne seront pas forc\u00e9ment adapt\u00e9es \u00e0 leur \u00e2ge.<\/p>\n<p><a class=\"url\" href=\"https:\/\/www.grenoble-tourisme.com\/fr\/decouvrir\/evenements\/agenda\/detail\/escape-game-geant-mysteres-sortileges-le-grand-tournoi-des-maisons-7392458\/\" target=\"_blank\" rel=\"nofollow noopener\">Je prends ma place !<\/a><\/p>\n<tr>\n<td class=\"defaut\"><a href=\"https:\/\/www.radioscoop.com\/agenda\/javascript:void(0)\" onclick=\"parent.RS.diaporama.addMedia(695548) ;\" rel=\"nofollow noopener\" target=\"_blank\"><img loading=\"lazy\" decoding=\"async\" src=\"https:\/\/www.europesays.com\/fr\/wp-content\/uploads\/2025\/06\/1749692705_245_img\" width=\"640\" height=\"640\" border=\"0\" title=\"bejgzr\"\/><\/a><\/td>\n<\/tr>\n<p> <b>Rendez-vous : le 14 juin, de 14h \u00e0 17h, au Mus\u00e9e Champollion.<\/b><\/p>\n<p>Rencontre avec Camille Berruyer, docteure en arch\u00e9ozoologie.<\/p>\n<p>Camille Berruyer, sp\u00e9cialiste de l&rsquo;\u00e9tude des momies animales, vous invite \u00e0 un temps d&rsquo;\u00e9change interactif pour explorer l&rsquo;arch\u00e9ologie sous un angle in\u00e9dit.<\/p>\n<p><a class=\"url\" href=\"https:\/\/www.grenoble-tourisme.com\/fr\/decouvrir\/evenements\/agenda\/detail\/rencontre-etudier-les-momies-au-21e-siecle-7344918\/\" target=\"_blank\" rel=\"nofollow noopener\">Je prends ma place !<\/a><\/p>\n<tr>\n<td class=\"defaut\"><a href=\"https:\/\/www.radioscoop.com\/agenda\/javascript:void(0)\" onclick=\"parent.RS.diaporama.addMedia(695616) ;\" rel=\"nofollow noopener\" target=\"_blank\"><img loading=\"lazy\" decoding=\"async\" src=\"https:\/\/www.europesays.com\/fr\/wp-content\/uploads\/2025\/06\/1749692707_336_img\" width=\"434\" height=\"640\" border=\"0\" title=\"fezgfu\"\/><\/a><\/td>\n<\/tr>\n<p><p>Les Bons Plans \u00e0 Chamb\u00e9ry :<\/p>\n<p><\/p>\n<p> <b>Rendez-vous : le 11 juin, de 9h30 \u00e0 17h, dans le Chapit&rsquo;Haut.<\/b><\/p>\n<p>21\u00e8me \u00e9dition de notre festival Cirq&rsquo;ule sous notre Chapit&rsquo;Haut, les arts du cirque sont au rendez-vous avec les \u00e9l\u00e8ves de Formation Artistique \u00ab\u00a0Artiste de Cirque et du Mouvement\u00a0\u00bb et de Formation pr\u00e9paratoire pour 6 spectacles.<br \/>T\u00eate en bas, t\u00eate en l&rsquo;air dans les \u00e9toiles ou t\u00eate dans la poussi\u00e8re, quoiqu&rsquo;il en soit ce sera renversant en gardant la t\u00eate froide sans se jeter t\u00eate baiss\u00e9e de mani\u00e8re \u00e0 ne plus savoir o\u00f9 donner de la t\u00eate !<\/p>\n<p>Spectacle M\u00e9li M\u00e9lo (tout public) : Mercredi 11 juin 2025 \u00e0 9h30<br \/>Une succession de num\u00e9ros pour 50min de bonheur dans votre matin\u00e9e! <\/p>\n<p>Les CabaretS TouS AzimutS : <br \/>Vendredi 06 juin \u00e0 20h30<br \/>Samedi 07 juin \u00e0 20h30<br \/>Vendredi 13 juin \u00e0 20h30<br \/>Samedi 14 juin \u00e0 20h30<br \/>Vendredi 20 juin \u00e0 20h30<\/p>\n<p>Sur piste, les projets de cr\u00e9ation des \u00e9l\u00e8ves de Formation Artistique \u00ab\u00a0Artiste de Cirque et du Mouvement\u00a0\u00bb prennent vie. Pendant 5 soir\u00e9es diff\u00e9rentes, que ce soit sous forme de num\u00e9ro, d&rsquo;\u00e9tape de travail ou de forme longue, les artistes de demain vous d\u00e9voilent le fruit de leur travail !<\/p>\n<p><a class=\"url\" href=\"https:\/\/www.chambery.fr\/agenda\/34445\/153-festival-cirq-ule.htm?periode=258294\/\" target=\"_blank\" rel=\"nofollow noopener\">Je prends ma place !<\/a><\/p>\n<tr>\n<td class=\"defaut\"><a href=\"https:\/\/www.radioscoop.com\/agenda\/javascript:void(0)\" onclick=\"parent.RS.diaporama.addMedia(695617) ;\" rel=\"nofollow noopener\" target=\"_blank\"><img loading=\"lazy\" decoding=\"async\" src=\"https:\/\/www.europesays.com\/fr\/wp-content\/uploads\/2025\/06\/1749692710_766_img\" width=\"640\" height=\"427\" border=\"0\" title=\"ndcqn\"\/><\/a><\/td>\n<\/tr>\n<p> <b>Rendez-vous : le 14 juin, de 16h30 \u00e0 17h30, \u00e0 la Maison des associations.<\/b><\/p>\n<p>Musique en famille pour vivre un temps de rencontre dans le plaisir des sons, du du rythme, des chansons et partir \u00e0 la d\u00e9couverte de sa voix et de son corps dans le mouvement et l&rsquo;espace. Un bain de vibrations, des moments de bien-\u00eatre \u00e0 partager \u2026<\/p>\n<p>L&rsquo;\u00e9veil musical permet \u00e0 chacun de s&rsquo;\u00e9panouir par le chant, l&rsquo;imitation, l&rsquo;improvisation&#8230; mais aussi par des temps de retour au calme avec la relaxation sonore.<\/p>\n<p>Un moment musical accessible \u00e0 tous qui s&rsquo;adresse au rythme et \u00e0 la personnalit\u00e9 de chacun.<\/p>\n<p>&#8211; Apprendre \u00e0 \u00ab s&rsquo;\u00e9couter \u00bb, \u00e9couter son enfant, \u00e9couter l&rsquo;autre.<br \/>&#8211; D\u00e9velopper le go\u00fbt de l&rsquo;exploration et de la d\u00e9couverte des rythmes et des sons.<br \/>&#8211; Cr\u00e9er un lien harmonieux entre le parent et l&rsquo;enfant, entrer en \u00ab r\u00e9sonance \u00bb et partager ce temps avec les autres.<\/p>\n<p><a class=\"url\" href=\"https:\/\/www.chambery.fr\/agenda\/34337\/153-atelier-d-eveil-musical.htm?periode=257573\/\" target=\"_blank\" rel=\"nofollow noopener\">Je prends ma place !<\/a><\/p>\n<tr>\n<td class=\"defaut\"><a href=\"https:\/\/www.radioscoop.com\/agenda\/javascript:void(0)\" onclick=\"parent.RS.diaporama.addMedia(695618) ;\" rel=\"nofollow noopener\" target=\"_blank\"><img loading=\"lazy\" decoding=\"async\" src=\"https:\/\/www.europesays.com\/fr\/wp-content\/uploads\/2025\/06\/1749692712_156_img\" width=\"640\" height=\"427\" border=\"0\" title=\"hbjvlh\"\/><\/a><\/td>\n<\/tr>\n<p><\/p>\n","protected":false},"excerpt":{"rendered":"Chaque semaine, retrouvez les meilleurs bons plans de Grenoble et Chamb\u00e9ry ! Que vous soyez \u00e0 la recherche&hellip;\n","protected":false},"author":2,"featured_media":169645,"comment_status":"","ping_status":"","sticky":false,"template":"","format":"standard","meta":{"footnotes":""},"categories":[9566],"tags":[1111,11,2430,677,12362,1777,674,1011,27,2731,12,7518,25],"class_list":{"0":"post-169644","1":"post","2":"type-post","3":"status-publish","4":"format-standard","5":"has-post-thumbnail","7":"category-grenoble","8":"tag-actu","9":"tag-actualites","10":"tag-auvergne-rhone-alpes","11":"tag-bons-plans","12":"tag-chambry","13":"tag-eu","14":"tag-europe","15":"tag-fr","16":"tag-france","17":"tag-grenoble","18":"tag-news","19":"tag-octobre","20":"tag-republique-francaise"},"share_on_mastodon":{"url":"https:\/\/pubeurope.com\/@fr\/114667869070906306","error":""},"_links":{"self":[{"href":"https:\/\/www.europesays.com\/fr\/wp-json\/wp\/v2\/posts\/169644","targetHints":{"allow":["GET"]}}],"collection":[{"href":"https:\/\/www.europesays.com\/fr\/wp-json\/wp\/v2\/posts"}],"about":[{"href":"https:\/\/www.europesays.com\/fr\/wp-json\/wp\/v2\/types\/post"}],"author":[{"embeddable":true,"href":"https:\/\/www.europesays.com\/fr\/wp-json\/wp\/v2\/users\/2"}],"replies":[{"embeddable":true,"href":"https:\/\/www.europesays.com\/fr\/wp-json\/wp\/v2\/comments?post=169644"}],"version-history":[{"count":0,"href":"https:\/\/www.europesays.com\/fr\/wp-json\/wp\/v2\/posts\/169644\/revisions"}],"wp:featuredmedia":[{"embeddable":true,"href":"https:\/\/www.europesays.com\/fr\/wp-json\/wp\/v2\/media\/169645"}],"wp:attachment":[{"href":"https:\/\/www.europesays.com\/fr\/wp-json\/wp\/v2\/media?parent=169644"}],"wp:term":[{"taxonomy":"category","embeddable":true,"href":"https:\/\/www.europesays.com\/fr\/wp-json\/wp\/v2\/categories?post=169644"},{"taxonomy":"post_tag","embeddable":true,"href":"https:\/\/www.europesays.com\/fr\/wp-json\/wp\/v2\/tags?post=169644"}],"curies":[{"name":"wp","href":"https:\/\/api.w.org\/{rel}","templated":true}]}}