{"id":169658,"date":"2025-06-12T01:53:13","date_gmt":"2025-06-12T01:53:13","guid":{"rendered":"https:\/\/www.europesays.com\/fr\/169658\/"},"modified":"2025-06-12T01:53:13","modified_gmt":"2025-06-12T01:53:13","slug":"en-visite-a-nantes-najat-vallaud-belkacem-regrette-letiolement-de-la-reforme-des-rythmes","status":"publish","type":"post","link":"https:\/\/www.europesays.com\/fr\/169658\/","title":{"rendered":"En visite \u00e0 Nantes, Najat Vallaud-Belkacem regrette l\u2019\u00e9tiolement de la r\u00e9forme des rythmes"},"content":{"rendered":"<p><strong>\u00ab\u00a0On a recul\u00e9 de plusieurs d\u00e9cennies en faisant cela.\u00a0\u00bb<\/strong> \u00c0 l\u2019occasion des 40\u00a0ans de l\u2019Accoord, association qui regroupe les vingt-deux\u00a0centres socioculturels de la ville de Nantes, Najat Vallaud-Belkacem a dit regretter la d\u00e9cision des pouvoirs publics en place, d\u2019avoir appauvri <strong>\u00ab\u00a0la r\u00e9forme des rythmes scolaires\u00a0\u00bb.<\/strong><\/p>\n<p>L\u2019ex ministre socialiste avait \u00e9t\u00e9 invit\u00e9e, mercredi 11\u00a0juin, \u00e0 d\u00e9battre sur la question de l\u2019\u00e9ducation populaire, \u00e0 la maison de quartier Doulon. <strong>\u00ab\u00a0Le temps p\u00e9riscolaire permettait ce pont entre l\u2019\u00c9ducation nationale et l\u2019\u00e9ducation populaire. Cela offrait aussi de meilleures conditions d\u2019apprentissage pour les enfants.\u00a0\u00bb<\/strong><\/p>\n<p>\u00a0<\/p>\n","protected":false},"excerpt":{"rendered":"\u00ab\u00a0On a recul\u00e9 de plusieurs d\u00e9cennies en faisant cela.\u00a0\u00bb \u00c0 l\u2019occasion des 40\u00a0ans de l\u2019Accoord, association qui regroupe&hellip;\n","protected":false},"author":2,"featured_media":169659,"comment_status":"","ping_status":"","sticky":false,"template":"","format":"standard","meta":{"footnotes":""},"categories":[2818],"tags":[1111,11,30392,1777,674,1011,27,30389,766,12,2636,4190,30391,25,27206,18728,30390,510],"class_list":{"0":"post-169658","1":"post","2":"type-post","3":"status-publish","4":"format-standard","5":"has-post-thumbnail","7":"category-nantes","8":"tag-actu","9":"tag-actualites","10":"tag-etiolement","11":"tag-eu","12":"tag-europe","13":"tag-fr","14":"tag-france","15":"tag-najat","16":"tag-nantes","17":"tag-news","18":"tag-pays-de-la-loire","19":"tag-reforme","20":"tag-regrette","21":"tag-republique-francaise","22":"tag-rythmes","23":"tag-scolaires","24":"tag-vallaud-belkacem","25":"tag-visite"},"share_on_mastodon":{"url":"https:\/\/pubeurope.com\/@fr\/114667900301365756","error":""},"_links":{"self":[{"href":"https:\/\/www.europesays.com\/fr\/wp-json\/wp\/v2\/posts\/169658","targetHints":{"allow":["GET"]}}],"collection":[{"href":"https:\/\/www.europesays.com\/fr\/wp-json\/wp\/v2\/posts"}],"about":[{"href":"https:\/\/www.europesays.com\/fr\/wp-json\/wp\/v2\/types\/post"}],"author":[{"embeddable":true,"href":"https:\/\/www.europesays.com\/fr\/wp-json\/wp\/v2\/users\/2"}],"replies":[{"embeddable":true,"href":"https:\/\/www.europesays.com\/fr\/wp-json\/wp\/v2\/comments?post=169658"}],"version-history":[{"count":0,"href":"https:\/\/www.europesays.com\/fr\/wp-json\/wp\/v2\/posts\/169658\/revisions"}],"wp:featuredmedia":[{"embeddable":true,"href":"https:\/\/www.europesays.com\/fr\/wp-json\/wp\/v2\/media\/169659"}],"wp:attachment":[{"href":"https:\/\/www.europesays.com\/fr\/wp-json\/wp\/v2\/media?parent=169658"}],"wp:term":[{"taxonomy":"category","embeddable":true,"href":"https:\/\/www.europesays.com\/fr\/wp-json\/wp\/v2\/categories?post=169658"},{"taxonomy":"post_tag","embeddable":true,"href":"https:\/\/www.europesays.com\/fr\/wp-json\/wp\/v2\/tags?post=169658"}],"curies":[{"name":"wp","href":"https:\/\/api.w.org\/{rel}","templated":true}]}}