{"id":169660,"date":"2025-06-12T01:54:21","date_gmt":"2025-06-12T01:54:21","guid":{"rendered":"https:\/\/www.europesays.com\/fr\/169660\/"},"modified":"2025-06-12T01:54:21","modified_gmt":"2025-06-12T01:54:21","slug":"ligue-1-nantes-tente-le-pari-luis-castro-artisan-de-dunkerque-en-ligue-2","status":"publish","type":"post","link":"https:\/\/www.europesays.com\/fr\/169660\/","title":{"rendered":"Ligue\u00a01\u00a0: Nantes tente le pari Luis Castro, artisan de Dunkerque en Ligue\u00a02"},"content":{"rendered":"<p>A 45 ans, Luis Castro s\u2019est fait un nom dans le football fran\u00e7ais apr\u00e8s une saison particuli\u00e8rement faste avec le club nordiste, quatri\u00e8me de la deuxi\u00e8me division avant de perdre en pr\u00e9-barrage d\u2019accession \u00e0 la L1 contre Metz (1-0).<\/p>\n<p>L\u2019Union sportive du Littoral de Dunkerque (USLD) s\u2019est aussi distingu\u00e9e en Coupe de France, sortant Auxerre, puis Lille aux tirs au but, <a href=\"https:\/\/www.letelegramme.fr\/sports\/football\/stade-brestois\/brest-dunkerque-le-resume-de-lelimination-des-brestois-en-quart-de-finale-de-la-coupe-de-france-6767721.php\" title=\"www.letelegramme.fr\" target=\"_blank\" rel=\"noopener\">avant d\u2019aller gagner 3-2 \u00e0 Brest en quart, apr\u00e8s avoir \u00e9t\u00e9 men\u00e9 2-<\/a>0, pour ne c\u00e9der finalement qu\u2019en demie contre le Paris SG (4-2), non sans avoir men\u00e9 2-0 jusqu\u2019\u00e0 la 45e minute de jeu.<\/p>\n<p>Autant dire que les Maritimes ont fait tout ce qu\u2019ils ont pu pour retenir le technicien qui avait encore deux ann\u00e9es de contrat, r\u00e9clamant deux millions d\u2019euros \u00e0 Nantes pour le lib\u00e9rer.<\/p>\n<p>Une somme que le pr\u00e9sident Waldemar Kita n\u2019avait aucune intention de d\u00e9bourser, trois semaines apr\u00e8s avoir allou\u00e9 \u00e0 peu pr\u00e8s le m\u00eame montant pour se d\u00e9barrasser, pour la deuxi\u00e8me fois en deux ans, d\u2019Antoine Kombouar\u00e9.<\/p>\n<p>R\u00e9v\u00e9l\u00e9 avec les U19 de Benfica<\/p>\n<p>\u00c0 force d\u2019acharnement, et avec la complicit\u00e9 de Castro lui-m\u00eame, s\u00e9duit par cette opportunit\u00e9 de passer \u00e0 l\u2019\u00e9chelon sup\u00e9rieur, la \u00ab\u00a0facture\u00a0\u00bb a \u00e9t\u00e9 r\u00e9vis\u00e9e \u00e0 750\u00a0000 euros, bonus compris, a indiqu\u00e9 une source proche du club, confirmant une information donn\u00e9e par L\u2019Equipe.<\/p>\n<p>Exempt de toute carri\u00e8re de joueur pro, Castro a fait ses armes avant tout dans des \u00e9quipes de jeunes portugaises, avec des collaborations aussi en Hongrie (Debrecen) et en Arabie saoudite (Al-Nassr).<\/p>\n<p>Sa premi\u00e8re exp\u00e9rience \u00e0 la t\u00eate d\u2019une \u00e9quipe premi\u00e8re senior a cependant vite tourn\u00e9 au fiasco ne durant que six petits matchs, dont cinq d\u00e9faites, avec le club grec de Panetolikos en 2019-2020.<\/p>\n<p>Retourn\u00e9 au pays pour s\u2019occuper de la r\u00e9serve et des U19 du Benfica, il sort de l\u2019anonymat en 2022-2023 quand les jeunes pousses lisbo\u00e8tes raflent tout dans leur cat\u00e9gorie d\u2019\u00e2ge\u00a0: championnat du Portugal, Youth League &#8212; la C1 des moins de 19 ans&#8211;, et Coupe Intercontinentale.<\/p>\n<p>Un choix de rupture<\/p>\n<p>C\u2019est l\u00e0 qu\u2019il est rep\u00e9r\u00e9 par Dunkerque qui le fait venir en septembre 2023, alors que le club est dernier de L2, o\u00f9 il venait d\u2019\u00eatre promu. Apr\u00e8s des d\u00e9buts difficiles, et \u00e0 nouveau cinq d\u00e9faites sur ses six premiers matchs, Castro arrive \u00e0 maintenir l\u2019\u00e9quipe dans une saison o\u00f9 trois clubs \u00e9taient rel\u00e9gu\u00e9s et un quatri\u00e8me envoy\u00e9 en barrage.<\/p>\n<p>Avec plus de temps pour mettre en place sa philosophie, il dote Dunkerque d\u2019un jeu offensif qui a vraiment s\u00e9duit l\u2019an dernier.<\/p>\n<p>On devine qu\u2019en Castro, Waldemar Kita voit un possible \u00ab\u00a0clone\u00a0\u00bb de Sergio Concei\u00e7ao, dont l\u2019\u00e9ph\u00e9m\u00e8re passage de d\u00e9cembre 2016 \u00e0 juin 2017 avait \u00e9t\u00e9 une v\u00e9ritable parenth\u00e8se enchant\u00e9e en termes de qualit\u00e9 et d\u2019ambition dans le jeu.<\/p>\n<p>Mais le d\u00e9fi sera \u00e9norme pour le Portugais, dans un club qui vient de choisir un 18e entra\u00eeneur diff\u00e9rent en autant d\u2019ann\u00e9es avec l\u2019homme d\u2019affaires franco-polonais \u00e0 sa t\u00eate.<\/p>\n","protected":false},"excerpt":{"rendered":"A 45 ans, Luis Castro s\u2019est fait un nom dans le football fran\u00e7ais apr\u00e8s une saison particuli\u00e8rement faste&hellip;\n","protected":false},"author":2,"featured_media":169661,"comment_status":"","ping_status":"","sticky":false,"template":"","format":"standard","meta":{"footnotes":""},"categories":[2818],"tags":[1111,11,1777,674,462,63,1011,27,66,30393,766,12,2636,25,60],"class_list":{"0":"post-169660","1":"post","2":"type-post","3":"status-publish","4":"format-standard","5":"has-post-thumbnail","7":"category-nantes","8":"tag-actu","9":"tag-actualites","10":"tag-eu","11":"tag-europe","12":"tag-fc-nantes","13":"tag-football","14":"tag-fr","15":"tag-france","16":"tag-ligue-1","17":"tag-mercato-pro","18":"tag-nantes","19":"tag-news","20":"tag-pays-de-la-loire","21":"tag-republique-francaise","22":"tag-sports"},"share_on_mastodon":{"url":"https:\/\/pubeurope.com\/@fr\/114667904221384118","error":""},"_links":{"self":[{"href":"https:\/\/www.europesays.com\/fr\/wp-json\/wp\/v2\/posts\/169660","targetHints":{"allow":["GET"]}}],"collection":[{"href":"https:\/\/www.europesays.com\/fr\/wp-json\/wp\/v2\/posts"}],"about":[{"href":"https:\/\/www.europesays.com\/fr\/wp-json\/wp\/v2\/types\/post"}],"author":[{"embeddable":true,"href":"https:\/\/www.europesays.com\/fr\/wp-json\/wp\/v2\/users\/2"}],"replies":[{"embeddable":true,"href":"https:\/\/www.europesays.com\/fr\/wp-json\/wp\/v2\/comments?post=169660"}],"version-history":[{"count":0,"href":"https:\/\/www.europesays.com\/fr\/wp-json\/wp\/v2\/posts\/169660\/revisions"}],"wp:featuredmedia":[{"embeddable":true,"href":"https:\/\/www.europesays.com\/fr\/wp-json\/wp\/v2\/media\/169661"}],"wp:attachment":[{"href":"https:\/\/www.europesays.com\/fr\/wp-json\/wp\/v2\/media?parent=169660"}],"wp:term":[{"taxonomy":"category","embeddable":true,"href":"https:\/\/www.europesays.com\/fr\/wp-json\/wp\/v2\/categories?post=169660"},{"taxonomy":"post_tag","embeddable":true,"href":"https:\/\/www.europesays.com\/fr\/wp-json\/wp\/v2\/tags?post=169660"}],"curies":[{"name":"wp","href":"https:\/\/api.w.org\/{rel}","templated":true}]}}