{"id":169663,"date":"2025-06-12T01:56:34","date_gmt":"2025-06-12T01:56:34","guid":{"rendered":"https:\/\/www.europesays.com\/fr\/169663\/"},"modified":"2025-06-12T01:56:34","modified_gmt":"2025-06-12T01:56:34","slug":"randonnee-cycliste-bordeaux-saint-malo-un-defi-pour-robert-marrec-de-tourch","status":"publish","type":"post","link":"https:\/\/www.europesays.com\/fr\/169663\/","title":{"rendered":"Randonn\u00e9e cycliste Bordeaux-Saint-Malo, un d\u00e9fi pour Robert Marrec de Tourc\u2019h"},"content":{"rendered":"<p>Un habitant de Tourc\u2019h, Robert Marrec, accompagn\u00e9 de son fils Julien, a particip\u00e9, la semaine derni\u00e8re, \u00e0 la randonn\u00e9e cycliste Bordeaux-Saint-Malo. Partis de Bordeaux le 5 juin, \u00e0 5\u00a0h\u00a030, ils sont arriv\u00e9s \u00e0 Saint-Malo, dimanche 8 juin \u00e0 13\u00a0h apr\u00e8s avoir aval\u00e9 815 km, soit une moyenne de plus de 200 km par jour, avec 5 \u00e0 6 heures de sommeil par nuit, et 46 heures pass\u00e9s sur le v\u00e9lo, en faisant face \u00e0 une m\u00e9t\u00e9o difficile. 290 coureurs \u00e9taient au d\u00e9part. Le trajet ,en totale autonomie, les a fait passer par la Charente, Les Deux-S\u00e8vres, La Loire-Atlantique, le Morbihan et les C\u00f4tes-d\u2019Armor. Pour s\u2019entra\u00eener, ils avaient r\u00e9alis\u00e9 ces derni\u00e8res semaines deux brevets de 200 et 300 km et une sortie de nuit \u00e0 v\u00e9lo.<\/p>\n<p>Un v\u00e9ritable d\u00e9fi apr\u00e8s un cancer<\/p>\n<p>A 65 ans Robert Marrec, en pleine reconstruction apr\u00e8s une ablation totale de l\u2019estomac due \u00e0 un cancer, en 2013, a mis la barre haute. C\u2019\u00e9tait pour lui un v\u00e9ritable d\u00e9fi afin de montrer que rien n\u2019est impossible et que le mental est important. Suite \u00e0 son op\u00e9ration, Robert a appris \u00e0 fractionner ses repas en petites quantit\u00e9s et re\u00e7oit des soins r\u00e9guliers pour ne pas \u00eatre en carence. S\u2019adressant \u00e0 \u00ab\u00a0tous ceux qui traversent des \u00e9preuves de sant\u00e9, il estime que l\u2019effort, la d\u00e9termination et l\u2019espoir permettent de repousser les limites du possible\u00a0\u00bb.<\/p>\n<p>Grand-p\u00e8re de Bleuenn, jeune fille de 13 ans, porteuse de trisomie 21, son message est aussi pour elle et \u00ab\u00a0montrer que chaque vie a une valeur inestimable et que le handicap ne doit pas \u00eatre un frein \u00e0 l\u2019accomplissement\u00a0\u00bb. Sur les maillots, figure d\u2019ailleurs le logo de <a href=\"https:\/\/www.institutlejeune.org\/\" title=\"www.institutlejeune.org\" target=\"_blank\" rel=\"noopener\">l\u2019institut J\u00e9r\u00f4me-Lejeune<\/a> (1er centre de soin et de recherche clinique en Europe pour la Trisomie 21, \u00e0 Paris).<\/p>\n","protected":false},"excerpt":{"rendered":"Un habitant de Tourc\u2019h, Robert Marrec, accompagn\u00e9 de son fils Julien, a particip\u00e9, la semaine derni\u00e8re, \u00e0 la&hellip;\n","protected":false},"author":2,"featured_media":169664,"comment_status":"","ping_status":"","sticky":false,"template":"","format":"standard","meta":{"footnotes":""},"categories":[2817],"tags":[1111,11,1997,101,1777,674,1011,27,12,2219,25,71,21360,208],"class_list":{"0":"post-169663","1":"post","2":"type-post","3":"status-publish","4":"format-standard","5":"has-post-thumbnail","7":"category-bordeaux","8":"tag-actu","9":"tag-actualites","10":"tag-bordeaux","11":"tag-cancer","12":"tag-eu","13":"tag-europe","14":"tag-fr","15":"tag-france","16":"tag-news","17":"tag-nouvelle-aquitaine","18":"tag-republique-francaise","19":"tag-sante","20":"tag-tourch","21":"tag-velo"},"share_on_mastodon":{"url":"https:\/\/pubeurope.com\/@fr\/114667912449979707","error":""},"_links":{"self":[{"href":"https:\/\/www.europesays.com\/fr\/wp-json\/wp\/v2\/posts\/169663","targetHints":{"allow":["GET"]}}],"collection":[{"href":"https:\/\/www.europesays.com\/fr\/wp-json\/wp\/v2\/posts"}],"about":[{"href":"https:\/\/www.europesays.com\/fr\/wp-json\/wp\/v2\/types\/post"}],"author":[{"embeddable":true,"href":"https:\/\/www.europesays.com\/fr\/wp-json\/wp\/v2\/users\/2"}],"replies":[{"embeddable":true,"href":"https:\/\/www.europesays.com\/fr\/wp-json\/wp\/v2\/comments?post=169663"}],"version-history":[{"count":0,"href":"https:\/\/www.europesays.com\/fr\/wp-json\/wp\/v2\/posts\/169663\/revisions"}],"wp:featuredmedia":[{"embeddable":true,"href":"https:\/\/www.europesays.com\/fr\/wp-json\/wp\/v2\/media\/169664"}],"wp:attachment":[{"href":"https:\/\/www.europesays.com\/fr\/wp-json\/wp\/v2\/media?parent=169663"}],"wp:term":[{"taxonomy":"category","embeddable":true,"href":"https:\/\/www.europesays.com\/fr\/wp-json\/wp\/v2\/categories?post=169663"},{"taxonomy":"post_tag","embeddable":true,"href":"https:\/\/www.europesays.com\/fr\/wp-json\/wp\/v2\/tags?post=169663"}],"curies":[{"name":"wp","href":"https:\/\/api.w.org\/{rel}","templated":true}]}}