{"id":169671,"date":"2025-06-12T02:01:09","date_gmt":"2025-06-12T02:01:09","guid":{"rendered":"https:\/\/www.europesays.com\/fr\/169671\/"},"modified":"2025-06-12T02:01:09","modified_gmt":"2025-06-12T02:01:09","slug":"un-accident-impliquant-trois-voitures-provoque-un-bouchon-important-a-la-sortie-de-marseille","status":"publish","type":"post","link":"https:\/\/www.europesays.com\/fr\/169671\/","title":{"rendered":"un accident, impliquant trois voitures, provoque un bouchon important \u00e0 la sortie de Marseille"},"content":{"rendered":"<p>Sur l&rsquo;autoroute A7, \u00e0 la sortie de la cit\u00e9 phoc\u00e9enne et \u00e0 la hauteur des Aygalades, un accident s&rsquo;est produit il y a de cela quelques minutes \u00e0 peine. Il n\u2019implique pas moins de trois v\u00e9hicules. Dans le secteur, une voie est neutralis\u00e9e afin de prendre en charge les personnes impliqu\u00e9es dans le ou les chocs.<\/p>\n<p>Une personne a d&rsquo;ailleurs \u00e9t\u00e9 l\u00e9g\u00e8rement bless\u00e9e indique la Direction interd\u00e9partementale des routes M\u00e9diterran\u00e9e (Dirmed). Elle est prise en charge par les pompiers des Bouches-du-Rh\u00f4ne (Sdis13). Les patrouilleurs de la Dirmed sont \u00e9galement sur place.<\/p>\n<p>Actuellement, le bouchon remonte aux Arnavaux. Ce qui repr\u00e9sente trois \u00e0 quatre kilom\u00e8tres de retenue, dans le sens Marseille-Lyon-Aix.<\/p>\n<p>Privil\u00e9giez l&rsquo;autoroute A55 si vous comptez sortir par le nord de Marseille. Le trafic est plus fluide sur cet autre axe autoroutier. La rocade L2 est aussi tr\u00e8s charg\u00e9e \u00e0 l&rsquo;arriv\u00e9e sur l&rsquo;A7, sens Aubagne-Aix.<\/p>\n","protected":false},"excerpt":{"rendered":"Sur l&rsquo;autoroute A7, \u00e0 la sortie de la cit\u00e9 phoc\u00e9enne et \u00e0 la hauteur des Aygalades, un accident&hellip;\n","protected":false},"author":2,"featured_media":169672,"comment_status":"","ping_status":"","sticky":false,"template":"","format":"standard","meta":{"footnotes":""},"categories":[2814],"tags":[17,119,1111,11,1777,674,1011,27,7726,26158,884,12,882,7481,16,25,3356,1100,3888],"class_list":{"0":"post-169671","1":"post","2":"type-post","3":"status-publish","4":"format-standard","5":"has-post-thumbnail","7":"category-marseille","8":"tag-17","9":"tag-accident","10":"tag-actu","11":"tag-actualites","12":"tag-eu","13":"tag-europe","14":"tag-fr","15":"tag-france","16":"tag-impliquant","17":"tag-la7","18":"tag-marseille","19":"tag-news","20":"tag-provence-alpes-cote-dazur","21":"tag-provoque","22":"tag-region","23":"tag-republique-francaise","24":"tag-sur","25":"tag-trois","26":"tag-voitures"},"share_on_mastodon":{"url":"https:\/\/pubeurope.com\/@fr\/114667931774286649","error":""},"_links":{"self":[{"href":"https:\/\/www.europesays.com\/fr\/wp-json\/wp\/v2\/posts\/169671","targetHints":{"allow":["GET"]}}],"collection":[{"href":"https:\/\/www.europesays.com\/fr\/wp-json\/wp\/v2\/posts"}],"about":[{"href":"https:\/\/www.europesays.com\/fr\/wp-json\/wp\/v2\/types\/post"}],"author":[{"embeddable":true,"href":"https:\/\/www.europesays.com\/fr\/wp-json\/wp\/v2\/users\/2"}],"replies":[{"embeddable":true,"href":"https:\/\/www.europesays.com\/fr\/wp-json\/wp\/v2\/comments?post=169671"}],"version-history":[{"count":0,"href":"https:\/\/www.europesays.com\/fr\/wp-json\/wp\/v2\/posts\/169671\/revisions"}],"wp:featuredmedia":[{"embeddable":true,"href":"https:\/\/www.europesays.com\/fr\/wp-json\/wp\/v2\/media\/169672"}],"wp:attachment":[{"href":"https:\/\/www.europesays.com\/fr\/wp-json\/wp\/v2\/media?parent=169671"}],"wp:term":[{"taxonomy":"category","embeddable":true,"href":"https:\/\/www.europesays.com\/fr\/wp-json\/wp\/v2\/categories?post=169671"},{"taxonomy":"post_tag","embeddable":true,"href":"https:\/\/www.europesays.com\/fr\/wp-json\/wp\/v2\/tags?post=169671"}],"curies":[{"name":"wp","href":"https:\/\/api.w.org\/{rel}","templated":true}]}}